{"id":1069,"date":"2015-02-19T06:00:00","date_gmt":"2015-02-19T06:00:00","guid":{"rendered":"http:\/\/plazajuarez.mx\/index\/index.php\/2015\/02\/19\/manager-de-minaj-es-asesinado\/"},"modified":"2015-02-19T06:00:00","modified_gmt":"2015-02-19T06:00:00","slug":"manager-de-minaj-es-asesinado","status":"publish","type":"post","link":"https:\/\/plazajuarez.mx\/historico\/manager-de-minaj-es-asesinado\/","title":{"rendered":"Manager de Minaj es asesinado"},"content":{"rendered":"<p>De acuerdo con reportes de TMZ y de la misma Nicki Minaj, De\u2019Von Pickett (tour manager de la cantante) fue asesinado la madrugada del mi\u00e9rcoles 18 de febrero de 2015 afuera de un bar de Filadelfia.<\/p>\n<p>  <!--more-->  <\/p>\n<p>\u00a0<\/p>\n<p>Seg\u00fan Minaj, Pickett y Eric Parker, quien se encuentra en estado cr\u00edtico, estaban afuera del bar CHE, donde estaban ensayando para un concierto de la artista, cuando fueron atacados por un hombre con un cuchillo, mismo que escap\u00f3 en un autom\u00f3vil despu\u00e9s de apu\u00f1alar a ambos individuos.<\/p>\n<p>La polic\u00eda de Filadelfia est\u00e1 investigando m\u00e1s detalles sobre el ataque.<\/p>\n","protected":false},"excerpt":{"rendered":"<p>De acuerdo con reportes de TMZ y de la misma Nicki Minaj, De\u2019Von Pickett (tour manager de la cantante) fue asesinado la madrugada del mi\u00e9rcoles 18 de febrero de 2015 afuera de un bar de Filadelfia.<\/p>\n","protected":false},"author":93,"featured_media":0,"comment_status":"open","ping_status":"open","sticky":false,"template":"","format":"standard","meta":{"footnotes":""},"categories":[38],"tags":[],"class_list":["post-1069","post","type-post","status-publish","format-standard","hentry","category-show"],"_links":{"self":[{"href":"https:\/\/plazajuarez.mx\/historico\/wp-json\/wp\/v2\/posts\/1069","targetHints":{"allow":["GET"]}}],"collection":[{"href":"https:\/\/plazajuarez.mx\/historico\/wp-json\/wp\/v2\/posts"}],"about":[{"href":"https:\/\/plazajuarez.mx\/historico\/wp-json\/wp\/v2\/types\/post"}],"author":[{"embeddable":true,"href":"https:\/\/plazajuarez.mx\/historico\/wp-json\/wp\/v2\/users\/93"}],"replies":[{"embeddable":true,"href":"https:\/\/plazajuarez.mx\/historico\/wp-json\/wp\/v2\/comments?post=1069"}],"version-history":[{"count":0,"href":"https:\/\/plazajuarez.mx\/historico\/wp-json\/wp\/v2\/posts\/1069\/revisions"}],"wp:attachment":[{"href":"https:\/\/plazajuarez.mx\/historico\/wp-json\/wp\/v2\/media?parent=1069"}],"wp:term":[{"taxonomy":"category","embeddable":true,"href":"https:\/\/plazajuarez.mx\/historico\/wp-json\/wp\/v2\/categories?post=1069"},{"taxonomy":"post_tag","embeddable":true,"href":"https:\/\/plazajuarez.mx\/historico\/wp-json\/wp\/v2\/tags?post=1069"}],"curies":[{"name":"wp","href":"https:\/\/api.w.org\/{rel}","templated":true}]}}