{"id":1068,"date":"2015-02-19T06:00:00","date_gmt":"2015-02-19T06:00:00","guid":{"rendered":"http:\/\/plazajuarez.mx\/index\/index.php\/2015\/02\/19\/harris-listo-para-los-oscar\/"},"modified":"2015-02-19T06:00:00","modified_gmt":"2015-02-19T06:00:00","slug":"harris-listo-para-los-oscar","status":"publish","type":"post","link":"https:\/\/plazajuarez.mx\/historico\/harris-listo-para-los-oscar\/","title":{"rendered":"Harris, listo para los Oscar"},"content":{"rendered":"<p>Neil Patrick Harris podr\u00eda usar su trabajo como presentador de los Oscar como una forma de conocer a sus estrellas favoritas.<\/p>\n<p>  <!--more-->  <\/p>\n<p>\u00a0<\/p>\n<p>&#8220;Pr\u00e1cticamente tengo acceso a todas partes del teatro&#8221;, dijo Harris durante una entrevista reciente. &#8220;As\u00ed que me encanta estar ah\u00ed y decirle hola a la gente que nunca he conocido antes. Yo me impresiono muy f\u00e1cilmente con las estrellas, as\u00ed que ser\u00e1 muy emocionante darle la mano a las celebridades&#8221;.<\/p>\n<p>Harris ha sido presentador de los Emmy en dos ocasiones y de los premios Tony en cuatro. El domingo asumir\u00e1 su primera entrega de los Oscar.<\/p>\n","protected":false},"excerpt":{"rendered":"<p>Neil Patrick Harris podr\u00eda usar su trabajo como presentador de los Oscar como una forma de conocer a sus estrellas favoritas.<\/p>\n","protected":false},"author":93,"featured_media":0,"comment_status":"open","ping_status":"open","sticky":false,"template":"","format":"standard","meta":{"footnotes":""},"categories":[38],"tags":[],"class_list":["post-1068","post","type-post","status-publish","format-standard","hentry","category-show"],"_links":{"self":[{"href":"https:\/\/plazajuarez.mx\/historico\/wp-json\/wp\/v2\/posts\/1068","targetHints":{"allow":["GET"]}}],"collection":[{"href":"https:\/\/plazajuarez.mx\/historico\/wp-json\/wp\/v2\/posts"}],"about":[{"href":"https:\/\/plazajuarez.mx\/historico\/wp-json\/wp\/v2\/types\/post"}],"author":[{"embeddable":true,"href":"https:\/\/plazajuarez.mx\/historico\/wp-json\/wp\/v2\/users\/93"}],"replies":[{"embeddable":true,"href":"https:\/\/plazajuarez.mx\/historico\/wp-json\/wp\/v2\/comments?post=1068"}],"version-history":[{"count":0,"href":"https:\/\/plazajuarez.mx\/historico\/wp-json\/wp\/v2\/posts\/1068\/revisions"}],"wp:attachment":[{"href":"https:\/\/plazajuarez.mx\/historico\/wp-json\/wp\/v2\/media?parent=1068"}],"wp:term":[{"taxonomy":"category","embeddable":true,"href":"https:\/\/plazajuarez.mx\/historico\/wp-json\/wp\/v2\/categories?post=1068"},{"taxonomy":"post_tag","embeddable":true,"href":"https:\/\/plazajuarez.mx\/historico\/wp-json\/wp\/v2\/tags?post=1068"}],"curies":[{"name":"wp","href":"https:\/\/api.w.org\/{rel}","templated":true}]}}