{"id":106741,"date":"2020-04-28T06:00:00","date_gmt":"2020-04-28T06:00:00","guid":{"rendered":"https:\/\/plazajuarez.mx\/?p=106741"},"modified":"2020-04-28T02:49:50","modified_gmt":"2020-04-28T02:49:50","slug":"conciencia-ciudadana-16","status":"publish","type":"post","link":"https:\/\/plazajuarez.mx\/historico\/conciencia-ciudadana-16\/","title":{"rendered":"CONCIENCIA CIUDADANA"},"content":{"rendered":"\n<p><strong>DESARROLLO ESTABILIZADOR: NUEVO MODELO ECON\u00d3MICO.\u00a0<\/strong><\/p>\n\n\n\n<!--more-->\n\n\n\n<p>M\u00e9xico ha iniciado un cambio de modelo econ\u00f3mico antes que otros pa\u00edses impulsado por el presidente Andr\u00e9s Manuel L\u00f3pez Obrador; cuyo perfil personal se aproxima m\u00e1s a los l\u00edderes populares de la revoluci\u00f3n mexicana como Madero y L\u00e1zaro C\u00e1rdenas, que a las figuras paradigm\u00e1ticas de la izquierda socialista, tales como Fidel Castro, \u201cEl Che\u201d Guevara o Hugo Ch\u00e1vez; a quienes sin lugar a dudas, admira, pero de los que toma distancia en asuntos tales como las relaciones con los Estados Unidos; el antiimperialismo; la lucha obrera o la censura medi\u00e1tica; temas controversiales a los que, deliberadamente, ha preferido eludir para concentrarse en lo que \u00e9l ha bautizado como la \u201ccuarta transformaci\u00f3n de la vida nacional\u201d;\u00a0 basada \u00a0 sobre todo, en la experiencia de las luchas\u00a0 hist\u00f3ricas por la independencia, la soberan\u00eda, la democracia social, la ilustraci\u00f3n popular y la integraci\u00f3n pluricultural; en suma,\u00a0 un modelo de corte liberal con tintes socialistas y justicialistas\u00a0 surgido de nuestra propia identidad cultural y experiencia hist\u00f3rica.\u00a0<\/p>\n\n\n\n<p>&nbsp;&nbsp;Para algunos cr\u00edticos, el modelo lopezobradorista, lejos de buscar una transformaci\u00f3n profunda y efectiva lo que hace es atrasarla, porque es el mismo que construy\u00f3 el viejo priismo, favoreciendo&nbsp; el desarrollo econ\u00f3mico&nbsp; a costa de la corrupci\u00f3n y la concentraci\u00f3n de la riqueza en&nbsp; pocas manos, justamente lo que el presidente ha combatido durante toda su carrera pol\u00edtica. Sonar\u00eda pues, a traici\u00f3n a los compromisos establecidos con sus votantes, da\u00f1ando con ello su hist\u00f3rica alianza con las clases populares que lo llevaron al poder.<\/p>\n\n\n\n<p>Sinceramente, no parece ser ese prop\u00f3sito el del presidente; primero, porque antes de llegar al acuerdo mencionado, consolid\u00f3\u00a0 pol\u00edtica y legalmente su alianza con los sectores sociales de mayor marginaci\u00f3n mediante reformas en materia educativa y de salud; atenci\u00f3n a los j\u00f3venes y a la \u00a0 poblaci\u00f3n adulta as\u00ed como con el inicio de\u00a0 ambiciosos proyectos destinados a lograr la autonom\u00eda energ\u00e9tica, am\u00e9n del combate a la corrupci\u00f3n y otras medidas tendientes al beneficio social.\u00a0<\/p>\n\n\n\n<p>Frente a este cambio de ruta,\u00a0 el sector empresarial intent\u00f3 forzar al presidente a aceptar un programa econ\u00f3mico neoliberal basado en el fomento p\u00fablico de la inversi\u00f3n privada, emprendiendo una infructuosa campa\u00f1a medi\u00e1tica para acusarlo de no contar con un plan integral de desarrollo;\u00a0 cuando en realidad este documento se present\u00f3 en tiempo y forma a la naci\u00f3n; aunque la forma y el fondo no correspondiera a las expectativas del gran capital, debido a su car\u00e1cter evidentemente redistributivo del ingreso nacional, con proyectos de beneficio social.<\/p>\n\n\n\n<p>Sin embargo, la inesperada irrupci\u00f3n del Coronavirus oblig\u00f3 a la c\u00fapula empresarial a dar un giro de 180 grados en su posicionamiento; al venirse abajo las posibilidades esperadas\u00a0 para sus negocios\u00a0 en el mercado norteamericano, hasta entonces en pleno crecimiento. De repente, con la pandemia, todo cambi\u00f3 y el presidente Trump -con millones de iracundos desempleados\u00a0 en las calles-, se vio forzado a recortar las importaciones y las inversiones norteamericanas en el extranjero a fin de resucitar a su econom\u00eda y generar nuevo puestos de trabajo para los desempleados norteamericanos.\u00a0\u00a0<\/p>\n\n\n\n<p>As\u00ed las cosas y pese a la tragedia humana y los costos econ\u00f3micos que ella conlleva;\u00a0 la pandemia representa una invaluable oportunidad para impulsar el proyecto nacionalista del presidente L\u00f3pez Obrador y as\u00ed lo han entendido tambi\u00e9n los integrantes de la c\u00fapula empresarial mexicana, quienes, al ver disminuidas sus posibilidades en el mercado norteamericano, han decidido, prudente y sabiamente (podr\u00eda decirse tambi\u00e9n que convenencieramente);\u00a0 hincar la rodilla ante el ejecutivo y aceptar un modelo de desarrollo suficientemente probado, acorde a la historia y la realidad econ\u00f3mica nacional;\u00a0 proponi\u00e9ndole lograr en 4 a\u00f1os acabar con\u00a0 la pobreza nacional a cambio de la ayuda p\u00fablica a la inversi\u00f3n privada aceptando, ya sin remilgos ni complots fallidos, \u201cel liderazgo nacional\u201d de L\u00f3pez Obrador;\u00a0 quien completa as\u00ed la estructura\u00a0 necesaria para su\u00a0 modelo de desarrollo econ\u00f3mico, agregando adem\u00e1s a las demandas empresariales el fin de la alianza corrupta entre empresarios y gobernantes del pasado, puntal del \u00e9xito de (casi) toda todos los empresarios que lo aplaud\u00edan alborozadamente. Finaliza as\u00ed el viejo modelo neoliberal y (re)nace el modelo del desarrollo estabilizador, que unifica ya a las principales fuerzas de la actividad econ\u00f3mica nacional bajo el indiscutible liderazgo del presidente L\u00f3pez Obrador.\u00a0\u00a0\u00a0\u00a0<\/p>\n\n\n\n<p><strong>BUENO, PERO NOSOTROS SEGUIMOS INSISTIENDO EN QUE VIVOS SE LOS LLEVARON Y VIVOS LOS QUEREMOS CON NOSOTROS.&nbsp;<\/strong><\/p>\n","protected":false},"excerpt":{"rendered":"<p>DESARROLLO ESTABILIZADOR: NUEVO MODELO ECON\u00d3MICO.\u00a0<\/p>\n","protected":false},"author":85,"featured_media":0,"comment_status":"closed","ping_status":"open","sticky":false,"template":"","format":"standard","meta":{"footnotes":""},"categories":[55,42],"tags":[],"class_list":["post-106741","post","type-post","status-publish","format-standard","hentry","category-miguel-angel-serna","category-nuestrapalabra"],"_links":{"self":[{"href":"https:\/\/plazajuarez.mx\/historico\/wp-json\/wp\/v2\/posts\/106741","targetHints":{"allow":["GET"]}}],"collection":[{"href":"https:\/\/plazajuarez.mx\/historico\/wp-json\/wp\/v2\/posts"}],"about":[{"href":"https:\/\/plazajuarez.mx\/historico\/wp-json\/wp\/v2\/types\/post"}],"author":[{"embeddable":true,"href":"https:\/\/plazajuarez.mx\/historico\/wp-json\/wp\/v2\/users\/85"}],"replies":[{"embeddable":true,"href":"https:\/\/plazajuarez.mx\/historico\/wp-json\/wp\/v2\/comments?post=106741"}],"version-history":[{"count":0,"href":"https:\/\/plazajuarez.mx\/historico\/wp-json\/wp\/v2\/posts\/106741\/revisions"}],"wp:attachment":[{"href":"https:\/\/plazajuarez.mx\/historico\/wp-json\/wp\/v2\/media?parent=106741"}],"wp:term":[{"taxonomy":"category","embeddable":true,"href":"https:\/\/plazajuarez.mx\/historico\/wp-json\/wp\/v2\/categories?post=106741"},{"taxonomy":"post_tag","embeddable":true,"href":"https:\/\/plazajuarez.mx\/historico\/wp-json\/wp\/v2\/tags?post=106741"}],"curies":[{"name":"wp","href":"https:\/\/api.w.org\/{rel}","templated":true}]}}