{"id":1067,"date":"2015-02-18T06:00:00","date_gmt":"2015-02-18T06:00:00","guid":{"rendered":"http:\/\/plazajuarez.mx\/index\/index.php\/2015\/02\/18\/poroshenko-confirma-que-las-tropas-ucranias-abandonan-la-ciudad-sitiada\/"},"modified":"2015-02-18T06:00:00","modified_gmt":"2015-02-18T06:00:00","slug":"poroshenko-confirma-que-las-tropas-ucranias-abandonan-la-ciudad-sitiada","status":"publish","type":"post","link":"https:\/\/plazajuarez.mx\/historico\/poroshenko-confirma-que-las-tropas-ucranias-abandonan-la-ciudad-sitiada\/","title":{"rendered":"Poroshenko confirma que las tropas  ucranias abandonan la ciudad sitiada"},"content":{"rendered":"<p>El presidente de Ucrania, Petr\u00f3 Poroshenko, confirm\u00f3 ayer que el 80% del contingente ucranio desplegado en Deb\u00e1ltsevo, la ciudad estrat\u00e9gica situada entre Donetsk y Lugansk, ya se ha retirado. &#8220;Esta ma\u00f1ana, las Fuerzas Armadas de Ucrania y la Guardia Nacional han concluido la operaci\u00f3n para la retirada ordenada de Deb\u00e1ltsevo&#8221;, dijo el l\u00edder ucranio en el aeropuerto de Kiev, antes de volar hacia la zona del conflicto.<\/p>\n<p>  <!--more-->  <\/p>\n<p>\u00a0<\/p>\n<p>Poroshenko elogi\u00f3 a las tropas ucranias por cumplir con su obligaci\u00f3n en la defensa de Deb\u00e1ltsevo y ha dicho que han demostrado al mundo &#8220;la verdadera cara de los bandidos y separatistas que son apoyados por Rusia&#8221;. El presidente asegur\u00f3 que los soldados salieron con su armamento y sus tanques, pese a que los separatistas hab\u00edan reclamado que los militares dejaran el armamento pesado en la localidad.<\/p>\n<p>A pesar del alto el fuego pactado desde la medianoche del s\u00e1bado, Deb\u00e1ltsevo hab\u00eda sido el centro de una encarnizada lucha entre las fuerzas ucranias y los separatistas. Seg\u00fan las milicias prorrusas, el acuerdo entre Ucrania, Rusia, Francia y Alemania no afectaba a esta localidad. La misi\u00f3n de vigilancia de la Organizaci\u00f3n para la Seguridad y la Cooperaci\u00f3n de Europa confirm\u00f3 el lunes que los ataques continuaban en los alrededores de Deb\u00e1ltsevo y otras \u00e1reas, incluidas Sievierodonetsk, Lugansk y Donetsk. Los observadores de este organismo encargado de vigilar el cumplimiento del alto el fuego tras el acuerdo de las partes en Minsk, no pudieron entrar en la localidad.<\/p>\n<p>Horas antes de que comenzara la retirada ucrania, el vicepresidente de Estados Unidos, Joe Biden, conden\u00f3 las violaciones del alto el fuego en Ucrania y el bloqueo a los observadores internacionales en una conversaci\u00f3n telef\u00f3nica con Poroshenko. &#8220;El vicepresidente tambi\u00e9n conden\u00f3 rotundamente que Rusia y los separatistas bloqueen el acceso a Deb\u00e1ltsevo y a los observadores de la OSCE, lo que est\u00e1 permitiendo a los separatistas continuar sus ataques sin inhibici\u00f3n&#8221;, inform\u00f3 la Casa Blanca en un comunicado divulgado este mi\u00e9rcoles. &#8220;El vicepresidente y Poroshenko coincidieron en que si Rusia contin\u00faa violando los acuerdos de Minsk, incluido el m\u00e1s reciente firmado el 12 de febrero, los costes para Rusia crecer\u00e1n&#8221;, se a\u00f1ad\u00eda en la nota. (Agencias)<\/p>\n","protected":false},"excerpt":{"rendered":"<p>El presidente de Ucrania, Petr\u00f3 Poroshenko, confirm\u00f3 ayer que el 80% del contingente ucranio desplegado en Deb\u00e1ltsevo, la ciudad estrat\u00e9gica situada entre Donetsk y Lugansk, ya se ha retirado. &#8220;Esta ma\u00f1ana, las Fuerzas Armadas de Ucrania y la Guardia Nacional han concluido la operaci\u00f3n para la retirada ordenada de Deb\u00e1ltsevo&#8221;, dijo el l\u00edder ucranio en [&hellip;]<\/p>\n","protected":false},"author":93,"featured_media":0,"comment_status":"open","ping_status":"open","sticky":false,"template":"","format":"standard","meta":{"footnotes":""},"categories":[31],"tags":[],"class_list":["post-1067","post","type-post","status-publish","format-standard","hentry","category-orbe"],"_links":{"self":[{"href":"https:\/\/plazajuarez.mx\/historico\/wp-json\/wp\/v2\/posts\/1067","targetHints":{"allow":["GET"]}}],"collection":[{"href":"https:\/\/plazajuarez.mx\/historico\/wp-json\/wp\/v2\/posts"}],"about":[{"href":"https:\/\/plazajuarez.mx\/historico\/wp-json\/wp\/v2\/types\/post"}],"author":[{"embeddable":true,"href":"https:\/\/plazajuarez.mx\/historico\/wp-json\/wp\/v2\/users\/93"}],"replies":[{"embeddable":true,"href":"https:\/\/plazajuarez.mx\/historico\/wp-json\/wp\/v2\/comments?post=1067"}],"version-history":[{"count":0,"href":"https:\/\/plazajuarez.mx\/historico\/wp-json\/wp\/v2\/posts\/1067\/revisions"}],"wp:attachment":[{"href":"https:\/\/plazajuarez.mx\/historico\/wp-json\/wp\/v2\/media?parent=1067"}],"wp:term":[{"taxonomy":"category","embeddable":true,"href":"https:\/\/plazajuarez.mx\/historico\/wp-json\/wp\/v2\/categories?post=1067"},{"taxonomy":"post_tag","embeddable":true,"href":"https:\/\/plazajuarez.mx\/historico\/wp-json\/wp\/v2\/tags?post=1067"}],"curies":[{"name":"wp","href":"https:\/\/api.w.org\/{rel}","templated":true}]}}