{"id":106646,"date":"2020-04-27T06:00:00","date_gmt":"2020-04-27T06:00:00","guid":{"rendered":"https:\/\/plazajuarez.mx\/?p=106646"},"modified":"2020-04-27T02:35:05","modified_gmt":"2020-04-27T02:35:05","slug":"jose-tomas-una-decada-de-la-resurreccion","status":"publish","type":"post","link":"https:\/\/plazajuarez.mx\/historico\/jose-tomas-una-decada-de-la-resurreccion\/","title":{"rendered":"JOS\u00c9 TOM\u00c1S, UNA D\u00c9CADA DE LA RESURRECCI\u00d3N"},"content":{"rendered":"\n<p><strong>Se cumplieron diez a\u00f1os de la grav\u00edsima cornada que el toro \u201cNavegante\u201d de Santiago le infiriera al diestro de Galapagar en la Monumental de Aguascalientes<\/strong><br><br><em>Por: Sa\u00fal Salvatierra Garc\u00eda<\/em><\/p>\n\n\n\n<!--more-->\n\n\n\n<p>Estimados Amigos, con el placer de saludarles a trav\u00e9s de este espacio de<em> Plaza Ju\u00e1rez<\/em>. El pasado viernes 24 de abril se cumplieron diez a\u00f1os de la terrible cornada que el toro \u201cNavegante\u201d, de la dehesa de De Santiago, infiriera al diestro madrile\u00f1o Jos\u00e9 Tom\u00e1s, en la Monumental Plaza de Toros de Aguascalientes, en la que fue la segunda corrida de la Feria Nacional de San Marcos 2010, cornada que lesion\u00f3 severamente el paquete vascular de la pierna derecha, seccionando la arteria femoral y las venas safena e iliaca, que lo tuvo en el umbral de la muerte.<\/p>\n\n\n\n<p>Ese grave percance cambi\u00f3 la vida y la carrera del \u201cPr\u00edncipe de Galapagar\u201d, ya nos hemos referido en este espacio a las cornadas que dejan secuelas en el \u00e1nimo de los toreros, los laceran para siempre; cuando los toros infieren esas cornadas que parten las carnes desgarrando paquetes vasculares comprometiendo la vida de los coletas, no vuelven a ser los mismos, qui\u00e9rase o no, modifican la forma de ejercer la profesi\u00f3n.<\/p>\n\n\n\n<p>Como ejemplos, en M\u00e9xico, podemos citar al maestro Silverio P\u00e9rez despu\u00e9s de la cornada \u2013penetrante de vientre- que le peg\u00f3 \u201cZapatero\u201d de la Punta el 13 de Febrero de 1944 en El Toreo de la Condesa; a Manuel Capetillo despu\u00e9s de la cornada penetrante de t\u00f3rax que le infiri\u00f3 \u201cCamisero\u201d de la Laguna, el 22 de Marzo de 1959 en la Monumental Plaza M\u00e9xico y la que sufri\u00f3 Manolo Mart\u00ednez el 3 de marzo de 1974, tambi\u00e9n en la Monumental Plaza M\u00e9xico, del toro Borrach\u00f3n, de la vacada de San Mateo, que lo puso al borde de la muerte al seccionarle las arterias safena y femoral.<\/p>\n\n\n\n<p>Si bien Jos\u00e9 Tom\u00e1s sigue siendo un torero todo valor, honradez y el celo profesional que todas las tardes sale a refrendar el sitio de Torero de \u00e9poca, de Fen\u00f3meno del Toreo que ostenta desde hace muchos a\u00f1os, compitiendo \u00fanicamente consigo mismo buscando estar mejor, no de una tarde a otra, sino de un toro a otro en la misma tarde, super\u00e1ndose a cada instante con ese inmenso valor espartano, poni\u00e9ndose en terrenos en que otros toreros, ya no digamos no lo intentan, ni siquiera lo piensan, esa actitud que le reconocen al madrile\u00f1o sus alternantes y que ha llevado a contestar a un veterano Luis Francisco Espl\u00e1 -cuando le preguntaron &#8220;\u00bfQu\u00e9 es el valor?&#8221;-, &#8220;El valor es el sitio donde se pone Jos\u00e9 Tom\u00e1s&#8221;.<\/p>\n\n\n\n<p>Sin embargo, el diestro madrile\u00f1o modific\u00f3 la administraci\u00f3n de su carrera, toreando un limitado n\u00famero de corridas y en plazas de segunda y hasta tercera categor\u00eda, lo que le ha generado todo tipo de cr\u00edticas de sus detractores que pretenden, con esto menoscabar el sitio que ocupa en la tauromaquia mundial, sin entender que en la Fiesta de Toros hay figuras, mandones y fen\u00f3menos (que solo han sido cuatro o cinco en toda la historia) a estos \u00faltimos pertenece Jos\u00e9 Tom\u00e1s.<\/p>\n\n\n\n<p>Citando nuevamente al Luis Francisco Espl\u00e1, ha dicho que el madrile\u00f1o \u201cse ha erigido en un aut\u00e9ntico fen\u00f3meno dentro del mundo del toro que no crea afici\u00f3n sino devoci\u00f3n, que es m\u00e1s&#8221;, agrega &#8220;Jos\u00e9 Tom\u00e1s es ese hombre, torero y artista, que llega cada veinte a\u00f1os a despertarnos y a decirnos que el toreo todav\u00eda es un arte vivo y que interesa a mucha gente&#8221;.<\/p>\n\n\n\n<p>Sin embargo despu\u00e9s de la cornada de \u201cNavegante\u201d, Jos\u00e9 Tom\u00e1s ha toreado \u00fanicamente 27 tardes, desde su reaparici\u00f3n en Valencia en julio de 2011, 15 meses despu\u00e9s de haber sido herido en Aguascalientes, habiendo acumulado ese a\u00f1o 9 actuaciones, el a\u00f1o 2012 hizo el pase\u00edllo tres veces, en 2013 no tuvo actividad, para 2014 toreo 4 corridas, el 2 de mayo de 2015 toreo la \u00fanica corrida de ese a\u00f1o reapareciendo en Aguascalientes despu\u00e9s del percance, en un acontecimiento sin precedentes en la Fiesta Brava mexicana, por la expectaci\u00f3n que gener\u00f3, habi\u00e9ndose dado cita en el Coso hidroc\u00e1lido aficionados pr\u00e1cticamente de todo el mundo y con una reventa que alcanz\u00f3 niveles de esc\u00e1ndalo por los precios que se pagaron para ver al \u201cPr\u00edncipe de Galapagar\u201d; en 2016 toreo 7 fechas, reapareciendo en la Monumental Plaza de Toros M\u00e9xico, habiendo generado una expectaci\u00f3n tan grande como su presentaci\u00f3n de 2015 en Aguascalientes, aunque sin mucha suerte: en 2017 en la \u00fanica fecha que lidi\u00f3 regreso a la Gran M\u00e9xico alcanzando un sonado triunfo, en 2018 y 2019 tambi\u00e9n se anunci\u00f3 una sola vez por a\u00f1o, en este 2020 se hab\u00edan concretado dos fecha para Nimes, Francia, suspendidas a causa de la pandemia que sufrimos.<\/p>\n\n\n\n<p>Indudablemente, Jos\u00e9 Tom\u00e1s Rom\u00e1n Mart\u00edn, es un Fen\u00f3meno del Toreo, capaz de llenar cualquier coso taurino del mundo al solo conjuro de su nombre, que el 24 de abril de 2010 muri\u00f3 y resucit\u00f3 en Aguascalientes.<\/p>\n\n\n\n<p>Por ah\u00ed nos vemos<strong> ENTRE EL CALLEJ\u00d3N Y EL TENDIDO <\/strong>si Dios lo permite.<\/p>\n","protected":false},"excerpt":{"rendered":"<p>Se cumplieron diez a\u00f1os de la grav\u00edsima cornada que el toro \u201cNavegante\u201d de Santiago le infiriera al diestro de Galapagar en la Monumental de Aguascalientes Por: Sa\u00fal Salvatierra Garc\u00eda<\/p>\n","protected":false},"author":93,"featured_media":0,"comment_status":"closed","ping_status":"open","sticky":false,"template":"","format":"standard","meta":{"footnotes":""},"categories":[39],"tags":[],"class_list":["post-106646","post","type-post","status-publish","format-standard","hentry","category-deportiva"],"_links":{"self":[{"href":"https:\/\/plazajuarez.mx\/historico\/wp-json\/wp\/v2\/posts\/106646","targetHints":{"allow":["GET"]}}],"collection":[{"href":"https:\/\/plazajuarez.mx\/historico\/wp-json\/wp\/v2\/posts"}],"about":[{"href":"https:\/\/plazajuarez.mx\/historico\/wp-json\/wp\/v2\/types\/post"}],"author":[{"embeddable":true,"href":"https:\/\/plazajuarez.mx\/historico\/wp-json\/wp\/v2\/users\/93"}],"replies":[{"embeddable":true,"href":"https:\/\/plazajuarez.mx\/historico\/wp-json\/wp\/v2\/comments?post=106646"}],"version-history":[{"count":0,"href":"https:\/\/plazajuarez.mx\/historico\/wp-json\/wp\/v2\/posts\/106646\/revisions"}],"wp:attachment":[{"href":"https:\/\/plazajuarez.mx\/historico\/wp-json\/wp\/v2\/media?parent=106646"}],"wp:term":[{"taxonomy":"category","embeddable":true,"href":"https:\/\/plazajuarez.mx\/historico\/wp-json\/wp\/v2\/categories?post=106646"},{"taxonomy":"post_tag","embeddable":true,"href":"https:\/\/plazajuarez.mx\/historico\/wp-json\/wp\/v2\/tags?post=106646"}],"curies":[{"name":"wp","href":"https:\/\/api.w.org\/{rel}","templated":true}]}}