{"id":1066,"date":"2015-02-18T06:00:00","date_gmt":"2015-02-18T06:00:00","guid":{"rendered":"http:\/\/plazajuarez.mx\/index\/index.php\/2015\/02\/18\/leopoldo-lopez-un-ano-preso-por-pedir-la-salida-del-gobierno-de-nicolas-maduro\/"},"modified":"2015-02-18T06:00:00","modified_gmt":"2015-02-18T06:00:00","slug":"leopoldo-lopez-un-ano-preso-por-pedir-la-salida-del-gobierno-de-nicolas-maduro","status":"publish","type":"post","link":"https:\/\/plazajuarez.mx\/historico\/leopoldo-lopez-un-ano-preso-por-pedir-la-salida-del-gobierno-de-nicolas-maduro\/","title":{"rendered":"Leopoldo L\u00f3pez, un a\u00f1o preso por pedir  la salida del Gobierno de Nicol\u00e1s Maduro"},"content":{"rendered":"<ul>\n<li><strong><strong>El l\u00edder opositor se encuentra estos d\u00edas en una celda de aislamiento de dos por dos metros, completamente incomunicado<\/strong><\/strong> <!--more--> \u00a0<\/li>\n<\/ul>\n<p>En su primer aniversario de prisi\u00f3n los carceleros del l\u00edder opositor Leopoldo L\u00f3pez le han hecho un regalo inolvidable: someterlo al m\u00e1ximo castigo en una celda de dos metros por dos, en la secci\u00f3n de los \u00abtigritos\u00bb de la c\u00e1rcel de Ramo Verde, para que sufra durante 15 d\u00edas un total aislamiento e incomunicaci\u00f3n con el mundo exterior para que no siga pidiendo la renuncia del presidente Nicol\u00e1s Maduro.<\/p>\n<p>Su mujer Lilian Tintori y su abogado Juan Carlos Guti\u00e9rrez denunciaron que el nuevo castigo contra L\u00f3pez y el alcalde destituido de San Crist\u00f3bal, Daniel Ceballos, fue porque ambos intentaron obstaculizar la requisa \u00abviolenta y agresiva\u00bb que los militares iban a realizar a sus celdas el pasado jueves.<\/p>\n<p>Guti\u00e9rrez puntualiz\u00f3 que \u00abL\u00f3pez ped\u00eda que estuviera su abogado presente, porque en la \u00faltima requisa le robaron bienes y documentos\u00bb, coment\u00f3 el penalista, quien agreg\u00f3: \u00abLos militares rompieron la puerta y se llevaron sus escritos, lo cual nos preocupa porque podr\u00edan manipularlos\u00bb.<\/p>\n<p>Para el abogado la \u00faltima requisa no fue rutinaria, sino que \u00abes una represalia por las reuniones que Tintori sostuvo con el vicepresidente de EU, Joe Biden; y con el secretario general de la Organizaci\u00f3n de Estados Americanos (OEA), Jos\u00e9 Miguel Insulza en Washington la semana pasada\u00bb<\/p>\n<p>No es la primera vez que los carceleros arremeten contra L\u00f3pez. El 18 de febrero el joven pol\u00edtico caraque\u00f1o de 45 a\u00f1os cumple un a\u00f1o desde que se entreg\u00f3 voluntariamente a las autoridades que lo acusan de \u00abinstigar la violencia en los discursos\u00bb, \u00abincendiar instituciones p\u00fablicas\u00bb y dirigir protestas que promueven \u00abla salida\u00bb del mandatario. (Agencias)<\/p>\n","protected":false},"excerpt":{"rendered":"<p>El l\u00edder opositor se encuentra estos d\u00edas en una celda de aislamiento de dos por dos metros, completamente incomunicado<\/p>\n","protected":false},"author":93,"featured_media":0,"comment_status":"open","ping_status":"open","sticky":false,"template":"","format":"standard","meta":{"footnotes":""},"categories":[31],"tags":[],"class_list":["post-1066","post","type-post","status-publish","format-standard","hentry","category-orbe"],"_links":{"self":[{"href":"https:\/\/plazajuarez.mx\/historico\/wp-json\/wp\/v2\/posts\/1066","targetHints":{"allow":["GET"]}}],"collection":[{"href":"https:\/\/plazajuarez.mx\/historico\/wp-json\/wp\/v2\/posts"}],"about":[{"href":"https:\/\/plazajuarez.mx\/historico\/wp-json\/wp\/v2\/types\/post"}],"author":[{"embeddable":true,"href":"https:\/\/plazajuarez.mx\/historico\/wp-json\/wp\/v2\/users\/93"}],"replies":[{"embeddable":true,"href":"https:\/\/plazajuarez.mx\/historico\/wp-json\/wp\/v2\/comments?post=1066"}],"version-history":[{"count":0,"href":"https:\/\/plazajuarez.mx\/historico\/wp-json\/wp\/v2\/posts\/1066\/revisions"}],"wp:attachment":[{"href":"https:\/\/plazajuarez.mx\/historico\/wp-json\/wp\/v2\/media?parent=1066"}],"wp:term":[{"taxonomy":"category","embeddable":true,"href":"https:\/\/plazajuarez.mx\/historico\/wp-json\/wp\/v2\/categories?post=1066"},{"taxonomy":"post_tag","embeddable":true,"href":"https:\/\/plazajuarez.mx\/historico\/wp-json\/wp\/v2\/tags?post=1066"}],"curies":[{"name":"wp","href":"https:\/\/api.w.org\/{rel}","templated":true}]}}