{"id":106489,"date":"2020-04-26T06:00:00","date_gmt":"2020-04-26T06:00:00","guid":{"rendered":"https:\/\/plazajuarez.mx\/?p=106489"},"modified":"2020-04-26T03:52:52","modified_gmt":"2020-04-26T03:52:52","slug":"mexico-prepara-reapertura-de-sector-automotriz","status":"publish","type":"post","link":"https:\/\/plazajuarez.mx\/historico\/mexico-prepara-reapertura-de-sector-automotriz\/","title":{"rendered":"M\u00e9xico prepara reapertura de sector automotriz"},"content":{"rendered":"\n<p><strong>M\u00e9xico prepara con EU y Canad\u00e1 un plan para la reapertura del sector automotriz en Norteam\u00e9rica.<\/strong><\/p>\n\n\n\n<!--more-->\n\n\n\n<p>Esto con mecanismos que resguarden la salud p\u00fablica en el pa\u00eds en el contexto de la pandemia de coronavirus, inform\u00f3 la Secretar\u00eda de Econom\u00eda.<\/p>\n\n\n\n<p>El sector automotriz de M\u00e9xico se mantiene detenido con base en las medidas del Gobierno para mitigar la expansi\u00f3n de la pandemia que incluyen detener las actividades de empresas no esenciales.<\/p>\n\n\n\n<p>La Secretar\u00eda expres\u00f3 en un comunicado que el Gobierno de M\u00e9xico &#8220;trabaja de manera estrecha, coordinada y permanente&#8221; con EU y Canad\u00e1 en aras de establecer criterios, lineamientos, protocolos a observar para transitar &#8220;exitosamente&#8221; hacia la reapertura de las actividades de la industria automotriz en Norteam\u00e9rica.<\/p>\n\n\n\n<p>Esta industria &#8220;es un pilar del empleo formal &#8221; en la regi\u00f3n y tan solo en M\u00e9xico cerca de un mill\u00f3n de personas est\u00e1n ocupadas en este sector que tiene una particular importancia por su dimensi\u00f3n, alcance geogr\u00e1fico y extensi\u00f3n de las cadenas de suministro entre los proveedores de los tres pa\u00edses.<\/p>\n\n\n\n<p>Econom\u00eda destac\u00f3 que las mismas caracter\u00edsticas del sector hacen que su reapertura conlleve riesgos a la salud, por lo cual los tres pa\u00edses ya dise\u00f1an una estrategia que resguarde la salud p\u00fablico en el contexto de la pandemia.<\/p>\n","protected":false},"excerpt":{"rendered":"<p>M\u00e9xico prepara con EU y Canad\u00e1 un plan para la reapertura del sector automotriz en Norteam\u00e9rica.<\/p>\n","protected":false},"author":80,"featured_media":0,"comment_status":"closed","ping_status":"open","sticky":false,"template":"","format":"standard","meta":{"footnotes":""},"categories":[36],"tags":[],"class_list":["post-106489","post","type-post","status-publish","format-standard","hentry","category-nacion"],"_links":{"self":[{"href":"https:\/\/plazajuarez.mx\/historico\/wp-json\/wp\/v2\/posts\/106489","targetHints":{"allow":["GET"]}}],"collection":[{"href":"https:\/\/plazajuarez.mx\/historico\/wp-json\/wp\/v2\/posts"}],"about":[{"href":"https:\/\/plazajuarez.mx\/historico\/wp-json\/wp\/v2\/types\/post"}],"author":[{"embeddable":true,"href":"https:\/\/plazajuarez.mx\/historico\/wp-json\/wp\/v2\/users\/80"}],"replies":[{"embeddable":true,"href":"https:\/\/plazajuarez.mx\/historico\/wp-json\/wp\/v2\/comments?post=106489"}],"version-history":[{"count":0,"href":"https:\/\/plazajuarez.mx\/historico\/wp-json\/wp\/v2\/posts\/106489\/revisions"}],"wp:attachment":[{"href":"https:\/\/plazajuarez.mx\/historico\/wp-json\/wp\/v2\/media?parent=106489"}],"wp:term":[{"taxonomy":"category","embeddable":true,"href":"https:\/\/plazajuarez.mx\/historico\/wp-json\/wp\/v2\/categories?post=106489"},{"taxonomy":"post_tag","embeddable":true,"href":"https:\/\/plazajuarez.mx\/historico\/wp-json\/wp\/v2\/tags?post=106489"}],"curies":[{"name":"wp","href":"https:\/\/api.w.org\/{rel}","templated":true}]}}