{"id":106483,"date":"2020-04-26T06:00:00","date_gmt":"2020-04-26T06:00:00","guid":{"rendered":"https:\/\/plazajuarez.mx\/?p=106483"},"modified":"2020-04-26T03:39:44","modified_gmt":"2020-04-26T03:39:44","slug":"con-t-mec-se-detendra-caida-de-economia-amlo","status":"publish","type":"post","link":"https:\/\/plazajuarez.mx\/historico\/con-t-mec-se-detendra-caida-de-economia-amlo\/","title":{"rendered":"\u201cCon T-MEC se detendr\u00e1 ca\u00edda de econom\u00eda\u201d: AMLO"},"content":{"rendered":"\n<p><strong>Dice el presidente que \u201cya estamos viendo la luz a la salida del t\u00fanel\u201d<\/strong><\/p>\n\n\n\n<!--more-->\n\n\n\n<p>Al calificar como una buena noticia el que el gobierno de Estados Unidos haya avalado que la entrada en vigor del Tratado entre M\u00e9xico, Estados Unidos y Canad\u00e1 (T-MEC) sea este 1 de julio, el presidente Andr\u00e9s Manuel L\u00f3pez Obrador asegur\u00f3 que con este tratado y con las 11 medidas de austeridad que decret\u00f3, se podr\u00e1 detener la ca\u00edda de la econom\u00eda y pidi\u00f3 hacer caso a las recomendaciones de salud porque &#8220;ya falta poco, y si hay futuro, ya estamos viendo la luz a la salida del t\u00fanel&#8221;.<\/p>\n\n\n\n<p>En un video de 18 minutos difundido en sus redes sociales, el titular del Ejecutivo acept\u00f3 que con la pandemia de Covid-19 s\u00ed se caer\u00e1 la econom\u00eda, pero &#8220;vamos r\u00e1pido a mejorar la situaci\u00f3n econ\u00f3mica&#8221;. <\/p>\n\n\n\n<p>Al reiterar que se proteger\u00e1 al 70% de las familias con el decreto presentado este mi\u00e9rcoles difundi\u00f3 un dec\u00e1logo para beneficiar de manera directa o indirecta al 30% restante de la clase media, y grandes corporaciones comerciales.<\/p>\n","protected":false},"excerpt":{"rendered":"<p>Dice el presidente que \u201cya estamos viendo la luz a la salida del t\u00fanel\u201d<\/p>\n","protected":false},"author":81,"featured_media":0,"comment_status":"closed","ping_status":"open","sticky":false,"template":"","format":"standard","meta":{"footnotes":""},"categories":[36],"tags":[],"class_list":["post-106483","post","type-post","status-publish","format-standard","hentry","category-nacion"],"_links":{"self":[{"href":"https:\/\/plazajuarez.mx\/historico\/wp-json\/wp\/v2\/posts\/106483","targetHints":{"allow":["GET"]}}],"collection":[{"href":"https:\/\/plazajuarez.mx\/historico\/wp-json\/wp\/v2\/posts"}],"about":[{"href":"https:\/\/plazajuarez.mx\/historico\/wp-json\/wp\/v2\/types\/post"}],"author":[{"embeddable":true,"href":"https:\/\/plazajuarez.mx\/historico\/wp-json\/wp\/v2\/users\/81"}],"replies":[{"embeddable":true,"href":"https:\/\/plazajuarez.mx\/historico\/wp-json\/wp\/v2\/comments?post=106483"}],"version-history":[{"count":0,"href":"https:\/\/plazajuarez.mx\/historico\/wp-json\/wp\/v2\/posts\/106483\/revisions"}],"wp:attachment":[{"href":"https:\/\/plazajuarez.mx\/historico\/wp-json\/wp\/v2\/media?parent=106483"}],"wp:term":[{"taxonomy":"category","embeddable":true,"href":"https:\/\/plazajuarez.mx\/historico\/wp-json\/wp\/v2\/categories?post=106483"},{"taxonomy":"post_tag","embeddable":true,"href":"https:\/\/plazajuarez.mx\/historico\/wp-json\/wp\/v2\/tags?post=106483"}],"curies":[{"name":"wp","href":"https:\/\/api.w.org\/{rel}","templated":true}]}}