{"id":106349,"date":"2020-04-25T06:00:00","date_gmt":"2020-04-25T06:00:00","guid":{"rendered":"https:\/\/plazajuarez.mx\/?p=106349"},"modified":"2020-04-25T02:37:33","modified_gmt":"2020-04-25T02:37:33","slug":"caen-5-por-presuntamente-participar-en-secuestro-expres-y-robo","status":"publish","type":"post","link":"https:\/\/plazajuarez.mx\/historico\/caen-5-por-presuntamente-participar-en-secuestro-expres-y-robo\/","title":{"rendered":"Caen 5 por presuntamente participar en secuestro expr\u00e9s y robo"},"content":{"rendered":"\n<p><strong>Los j\u00f3venes fueron detenidos en distintas acciones y vinculados a proceso, ya que Agentes del Ministerio P\u00fablico de la Fiscal\u00eda Especializada en Delitos Cometidos Contra el Transporte acreditaron su probable participaci\u00f3n<\/strong><\/p>\n\n\n\n<!--more-->\n\n\n\n<p>La Fiscal\u00eda General de Justicia del Estado de M\u00e9xico (FGJEM) aprehendi\u00f3 a cinco personas que presuntamente participaron en los delitos de secuestro expr\u00e9s, robo de mercanc\u00eda y robo de veh\u00edculo con violencia.<\/p>\n\n\n\n<p>Los j\u00f3venes fueron detenidos en distintas acciones y vinculados a proceso, luego que Agentes del Ministerio P\u00fablico de la Fiscal\u00eda Especializada en Delitos Cometidos Contra el Transporte acreditaron su probable participaci\u00f3n en los il\u00edcitos mencionados.<\/p>\n\n\n\n<p>Uriel &#8220;N&#8221;, es investigado por un delito registrado en febrero de 2018, cuando con otro individuo habr\u00eda interceptado a dos personas que viajaban en un veh\u00edculo de carga, marca Freightliner; ambas v\u00edctimas fueron sometidas y subidas por la fuerza a un veh\u00edculo compacto, a bordo del cual las mantuvieron privadas de la libertad por dos d\u00edas.<\/p>\n\n\n\n<p>Ambas v\u00edctimas fueron secuestradas con la finalidad de que el detenido y su c\u00f3mplice robaran el veh\u00edculo de carga en el que viajaban. Por estos hechos, un Juez con sede en Cuautitl\u00e1n determin\u00f3 iniciar un proceso legal en contra de Uriel &#8220;N&#8221;, por el delito de secuestro expr\u00e9s, le fij\u00f3 un plazo de un mes para el cierre de investigaci\u00f3n y una medida cautelar de prisi\u00f3n preventiva.<\/p>\n\n\n\n<p>Derivado de estos hechos, este individuo fue detenido e ingresado al Centro Penitenciario y de Reinserci\u00f3n Social de la zona, donde qued\u00f3 a disposici\u00f3n de un Juez.<\/p>\n\n\n\n<p>Por otro lado, el Agente del Ministerio P\u00fablico consigui\u00f3 la vinculaci\u00f3n a proceso de Isa\u00ed &#8220;N&#8221;, tras acreditar su probable participaci\u00f3n en el robo de mercanc\u00eda transportada a bordo de un veh\u00edculo.<\/p>\n\n\n\n<p>En noviembre del a\u00f1o 2019, el detenido habr\u00eda interceptado a la v\u00edctima cuando se encontraba repartiendo mercanc\u00eda de la empresa Pepsico, en la colonia Acuitlapilco, Tercera Secci\u00f3n, en Chimalhuac\u00e1n. Este sujeto y su c\u00f3mplice habr\u00edan robado mercanc\u00eda y diversas pertenec\u00edas de la v\u00edctima. Por este robo fue interpuesta la denuncia respectiva y detenido el probable part\u00edcipe de los hechos, quien qued\u00f3 a disposici\u00f3n de la Autoridad Judicial.<\/p>\n\n\n\n<p>Finalmente, el Representante Social acredit\u00f3 la probable participaci\u00f3n de Ana Cristina &#8220;N&#8221;, Brandon Uriel &#8220;N&#8221; y Ricardo &#8220;N&#8221;, en el robo de un veh\u00edculo con violencia, il\u00edcito por el cual un Juez los vincul\u00f3 a proceso, con un plazo de dos meses para el cierre de investigaci\u00f3n.<\/p>\n\n\n\n<p>Estas personas fueron detenidas por Polic\u00edas de Investigaci\u00f3n (PDI) en la colonia Santa Mar\u00eda Magdalena Cahuac\u00e1n, en el municipio de Nicol\u00e1s Romero, momentos despu\u00e9s de que sometieron a un individuo a quien despojaron de su autom\u00f3vil.<\/p>\n\n\n\n<p>Los tres detenidos fueron presentados ante el Agente del Ministerio P\u00fablico, quien inici\u00f3 una indagatoria por estos hechos y luego los remiti\u00f3 ante la Autoridad Judicial, quien los vincul\u00f3 a proceso.<\/p>\n","protected":false},"excerpt":{"rendered":"<p>Los j\u00f3venes fueron detenidos en distintas acciones y vinculados a proceso, ya que Agentes del Ministerio P\u00fablico de la Fiscal\u00eda Especializada en Delitos Cometidos Contra el Transporte acreditaron su probable participaci\u00f3n<\/p>\n","protected":false},"author":81,"featured_media":0,"comment_status":"closed","ping_status":"open","sticky":false,"template":"","format":"standard","meta":{"footnotes":""},"categories":[37],"tags":[],"class_list":["post-106349","post","type-post","status-publish","format-standard","hentry","category-barandilla"],"_links":{"self":[{"href":"https:\/\/plazajuarez.mx\/historico\/wp-json\/wp\/v2\/posts\/106349","targetHints":{"allow":["GET"]}}],"collection":[{"href":"https:\/\/plazajuarez.mx\/historico\/wp-json\/wp\/v2\/posts"}],"about":[{"href":"https:\/\/plazajuarez.mx\/historico\/wp-json\/wp\/v2\/types\/post"}],"author":[{"embeddable":true,"href":"https:\/\/plazajuarez.mx\/historico\/wp-json\/wp\/v2\/users\/81"}],"replies":[{"embeddable":true,"href":"https:\/\/plazajuarez.mx\/historico\/wp-json\/wp\/v2\/comments?post=106349"}],"version-history":[{"count":0,"href":"https:\/\/plazajuarez.mx\/historico\/wp-json\/wp\/v2\/posts\/106349\/revisions"}],"wp:attachment":[{"href":"https:\/\/plazajuarez.mx\/historico\/wp-json\/wp\/v2\/media?parent=106349"}],"wp:term":[{"taxonomy":"category","embeddable":true,"href":"https:\/\/plazajuarez.mx\/historico\/wp-json\/wp\/v2\/categories?post=106349"},{"taxonomy":"post_tag","embeddable":true,"href":"https:\/\/plazajuarez.mx\/historico\/wp-json\/wp\/v2\/tags?post=106349"}],"curies":[{"name":"wp","href":"https:\/\/api.w.org\/{rel}","templated":true}]}}