{"id":106340,"date":"2020-04-25T06:00:00","date_gmt":"2020-04-25T06:00:00","guid":{"rendered":"https:\/\/plazajuarez.mx\/?p=106340"},"modified":"2020-04-25T02:25:40","modified_gmt":"2020-04-25T02:25:40","slug":"covid-19-escasas-prevenciones-en-ixmiquilpan","status":"publish","type":"post","link":"https:\/\/plazajuarez.mx\/historico\/covid-19-escasas-prevenciones-en-ixmiquilpan\/","title":{"rendered":"Covid-19, escasas prevenciones en Ixmiquilpan"},"content":{"rendered":"\n<p><strong>El municipio mantiene espacios p\u00fablicos libres donde se conglomera un n\u00famero importante de personas<\/strong><\/p>\n\n\n\n<!--more-->\n\n\n\n<p>A pesar de que ha iniciado la fase tres de la pandemia del Covid-19, el municipio de a Ixmiquilpan, mantiene espacios p\u00fablicos libres donde se conglomera un n\u00famero importante de personas, adem\u00e1s de que la actividad comercial contin\u00faa sin ninguna restricci\u00f3n.&nbsp;<\/p>\n\n\n\n<p>En el centro de la ciudad, familias completas, menores de edad y personas de la tercera edad, han hecho caso omiso a las recomendaciones de las autoridades sanitarias.<\/p>\n\n\n\n<p>A pesar de que el jard\u00edn principal ha sido acordonado para desincentivar a la poblaci\u00f3n a hacer uso de este espacio, la gente ha mantenido una actitud desafiante hacia estas determinaciones<\/p>\n\n\n\n<p>De acuerdo al municipio, no habr\u00e1 restricciones al comercio, considerando que se trata de un sector que se maneja de manera independiente, asimismo los lunes se mantendr\u00e1 el tianguis de manera normal.<\/p>\n\n\n\n<p>En tanto, el municipio ha informado que mantendr\u00e1 sus acciones de sanitizaci\u00f3n en espacios p\u00fablicos, que incluye: colonias, barrios y comunidades urbanizadas, con el prop\u00f3sito de evitar contagios en en esta nueva fase.<\/p>\n","protected":false},"excerpt":{"rendered":"<p>El municipio mantiene espacios p\u00fablicos libres donde se conglomera un n\u00famero importante de personas<\/p>\n","protected":false},"author":75,"featured_media":0,"comment_status":"closed","ping_status":"open","sticky":false,"template":"","format":"standard","meta":{"footnotes":""},"categories":[40],"tags":[],"class_list":["post-106340","post","type-post","status-publish","format-standard","hentry","category-region"],"_links":{"self":[{"href":"https:\/\/plazajuarez.mx\/historico\/wp-json\/wp\/v2\/posts\/106340","targetHints":{"allow":["GET"]}}],"collection":[{"href":"https:\/\/plazajuarez.mx\/historico\/wp-json\/wp\/v2\/posts"}],"about":[{"href":"https:\/\/plazajuarez.mx\/historico\/wp-json\/wp\/v2\/types\/post"}],"author":[{"embeddable":true,"href":"https:\/\/plazajuarez.mx\/historico\/wp-json\/wp\/v2\/users\/75"}],"replies":[{"embeddable":true,"href":"https:\/\/plazajuarez.mx\/historico\/wp-json\/wp\/v2\/comments?post=106340"}],"version-history":[{"count":0,"href":"https:\/\/plazajuarez.mx\/historico\/wp-json\/wp\/v2\/posts\/106340\/revisions"}],"wp:attachment":[{"href":"https:\/\/plazajuarez.mx\/historico\/wp-json\/wp\/v2\/media?parent=106340"}],"wp:term":[{"taxonomy":"category","embeddable":true,"href":"https:\/\/plazajuarez.mx\/historico\/wp-json\/wp\/v2\/categories?post=106340"},{"taxonomy":"post_tag","embeddable":true,"href":"https:\/\/plazajuarez.mx\/historico\/wp-json\/wp\/v2\/tags?post=106340"}],"curies":[{"name":"wp","href":"https:\/\/api.w.org\/{rel}","templated":true}]}}