{"id":106336,"date":"2020-04-25T06:00:00","date_gmt":"2020-04-25T06:00:00","guid":{"rendered":"https:\/\/plazajuarez.mx\/?p=106336"},"modified":"2020-04-25T02:17:45","modified_gmt":"2020-04-25T02:17:45","slug":"la-republica-del-rio-grande","status":"publish","type":"post","link":"https:\/\/plazajuarez.mx\/historico\/la-republica-del-rio-grande\/","title":{"rendered":"La Rep\u00fablica del R\u00edo Grande"},"content":{"rendered":"\n<p><strong>Desde la sociedad mexicana necesitamos construir puentes de comunicaci\u00f3n y exigir voluntad pol\u00edtica a la federaci\u00f3n y a los estados<\/strong><\/p>\n\n\n\n<p><strong>Por: Carlos Heredia Zubieta \/ Profesor asociado en el CIDE<\/strong><\/p>\n\n\n\n<!--more-->\n\n\n\n<p>\u00bfColaboraci\u00f3n o competencia? La disputa en torno al pacto fiscal entre el gobierno federal y un n\u00famero creciente de estados emerge con fuerza en los tiempos del Coronavirus.<\/p>\n\n\n\n<p>Cada tanto tiempo revisitamos esta pugna. Un caso cr\u00edtico es el del impuesto predial, que por dejadez y pereza de la abrumadora mayor\u00eda de los estados y municipios s\u00f3lo representa una fracci\u00f3n m\u00ednima de lo que podr\u00edan recaudar. Como lo ha se\u00f1alado repetidamente el IMCO, las entidades federativas presentan poca autonom\u00eda fiscal, alta dependencia de las transferencias federales y baja recaudaci\u00f3n https:\/\/imco.org.mx\/hablemos-de-ingresos-en-los-estados\/<\/p>\n\n\n\n<p>El presidente de la rep\u00fablica se opone a ofrecer est\u00edmulos fiscales a empresas y empleadores, al tiempo que se debilita la capacidad de reacci\u00f3n del Estado como proveedor de bienes p\u00fablicos como la salud. En el contexto de la crisis del Coronavirus, el profesor @lera_jor de la Universidad Aut\u00f3noma de Tamaulipas alerta sobre las ra\u00edces de los separatismos regionales en el norte, el Baj\u00edo y, el sureste del pa\u00eds: https:\/\/elgraficotam.com.mx\/2020\/04\/22\/separatismos-nortexit-bajiexit-y-surexit\/<\/p>\n\n\n\n<p>En el caso del noreste, las proclamas de los mandatarios de Tamaulipas (Francisco Javier Garc\u00eda Cabeza de Vaca, PAN), Nuevo Le\u00f3n (Jaime Rodr\u00edguez Calder\u00f3n, independiente) y Coahuila (Miguel Riquelme, PRI) tienen su referente en una historia que no comenz\u00f3 ayer. Luego de que Texas se declarara independiente, en 1838, Tamaulipas, Nuevo Le\u00f3n y Coahuila \u2014junto con segmentos de territorio de Texas\u2014 intentaron formar la Rep\u00fablica del R\u00edo Grande. Fue un intento sin \u00e9xito de dar vida a un tercer pa\u00eds en la frontera M\u00e9xico-Estados Unidos, debido a la inconformidad regional por el centralismo.<\/p>\n\n\n\n<p>M\u00e1s recientemente, all\u00e1 por 1993, en el contexto de la negociaci\u00f3n del TLCAN 1.0, qued\u00f3 claro que la actividad econ\u00f3mica de Tamaulipas, Nuevo Le\u00f3n y Coahuila depende tres veces m\u00e1s de Texas que del resto de Estados Unidos, y todav\u00eda m\u00e1s que del resto de M\u00e9xico.<\/p>\n\n\n\n<p>Como lo se\u00f1alan @GmoCejudo y @GomezAlvarezD en https: \/\/federalismo.nexos.com.mx\/2020\/03\/federalismo-en-cuarentena\/, en la actual crisis del Covid-19, los tres estados formaron un frente com\u00fan y han pedido tomar acciones en la frontera con Estados Unidos. Incluso se reunieron con autoridades sanitarias de Texas sin la presencia de autoridades federales mexicanas. Hoy Washington llama a M\u00e9xico a dejar de lado sus propias normas sobre actividades no esenciales en la pandemia, y exige la reanudaci\u00f3n de labores de f\u00e1bricas mexicanas que son proveedoras de la industria aeroespacial y de defensa.<\/p>\n\n\n\n<p>Sin embargo, la evidencia muestra tambi\u00e9n que la integraci\u00f3n intrarregional de los estados del norte de M\u00e9xico es bastante d\u00e9bil. Los flujos comerciales y las plataformas log\u00edsticas agregan valor del sur al norte y del norte al sur, no necesariamente dentro de la propia regi\u00f3n noreste.<\/p>\n\n\n\n<p>Estas tendencias centr\u00edfugas internas tienen su contraparte externa en los autoritarismos y en la terrible crisis del multilateralismo. Son resultado de la ausencia de liderazgos progresistas y del debilitamiento del Estado.<\/p>\n\n\n\n<p>El diputado @PMunozLedo se\u00f1ala la muy desequilibrada recaudaci\u00f3n de los \u00f3rdenes de gobierno: federaci\u00f3n 80%, estados 15% y municipios 5%, y llama a convocar a una nueva Convenci\u00f3n Nacional Hacendaria que reemplace la Ley de Coordinaci\u00f3n Fiscal de 1978, donde est\u00e1 el origen de esta concentraci\u00f3n.<\/p>\n\n\n\n<p>Ha fallado la pol\u00edtica entre los principales actores. Desde la sociedad mexicana necesitamos construir puentes de comunicaci\u00f3n y exigir voluntad pol\u00edtica a la federaci\u00f3n y a los estados. De otra manera, persistir\u00e1n las tendencias centr\u00edfugas, ant\u00edtesis de un verdadero federalismo que garantice el adecuado ejercicio de las competencias en cada uno de sus \u00e1mbitos.<\/p>\n\n\n\n<p>Twitter: @Carlos_Tampico<\/p>\n","protected":false},"excerpt":{"rendered":"<p>Desde la sociedad mexicana necesitamos construir puentes de comunicaci\u00f3n y exigir voluntad pol\u00edtica a la federaci\u00f3n y a los estados Por: Carlos Heredia Zubieta \/ Profesor asociado en el CIDE<\/p>\n","protected":false},"author":81,"featured_media":0,"comment_status":"closed","ping_status":"open","sticky":false,"template":"","format":"standard","meta":{"footnotes":""},"categories":[42],"tags":[],"class_list":["post-106336","post","type-post","status-publish","format-standard","hentry","category-nuestrapalabra"],"_links":{"self":[{"href":"https:\/\/plazajuarez.mx\/historico\/wp-json\/wp\/v2\/posts\/106336","targetHints":{"allow":["GET"]}}],"collection":[{"href":"https:\/\/plazajuarez.mx\/historico\/wp-json\/wp\/v2\/posts"}],"about":[{"href":"https:\/\/plazajuarez.mx\/historico\/wp-json\/wp\/v2\/types\/post"}],"author":[{"embeddable":true,"href":"https:\/\/plazajuarez.mx\/historico\/wp-json\/wp\/v2\/users\/81"}],"replies":[{"embeddable":true,"href":"https:\/\/plazajuarez.mx\/historico\/wp-json\/wp\/v2\/comments?post=106336"}],"version-history":[{"count":0,"href":"https:\/\/plazajuarez.mx\/historico\/wp-json\/wp\/v2\/posts\/106336\/revisions"}],"wp:attachment":[{"href":"https:\/\/plazajuarez.mx\/historico\/wp-json\/wp\/v2\/media?parent=106336"}],"wp:term":[{"taxonomy":"category","embeddable":true,"href":"https:\/\/plazajuarez.mx\/historico\/wp-json\/wp\/v2\/categories?post=106336"},{"taxonomy":"post_tag","embeddable":true,"href":"https:\/\/plazajuarez.mx\/historico\/wp-json\/wp\/v2\/tags?post=106336"}],"curies":[{"name":"wp","href":"https:\/\/api.w.org\/{rel}","templated":true}]}}