{"id":106286,"date":"2020-04-24T22:51:49","date_gmt":"2020-04-24T22:51:49","guid":{"rendered":"https:\/\/plazajuarez.mx\/?p=106286"},"modified":"2020-04-24T22:51:56","modified_gmt":"2020-04-24T22:51:56","slug":"unam-construye-hospital-en-21-dias-para-atender-covid-19","status":"publish","type":"post","link":"https:\/\/plazajuarez.mx\/historico\/unam-construye-hospital-en-21-dias-para-atender-covid-19\/","title":{"rendered":"UNAM construye hospital en 21 d\u00edas para atender Covid-19"},"content":{"rendered":"\n<p><strong>Entrar\u00e1 en funcionamiento el pr\u00f3ximo 1 de mayo, inform\u00f3 la instituci\u00f3n<\/strong><\/p>\n\n\n\n<!--more-->\n\n\n\n<p>En 21 d\u00edas, la Universidad Nacional Aut\u00f3noma de M\u00e9xico (UNAM) construy\u00f3 un hospital para atender a pacientes con Covid-19, el cual entrar\u00e1 en funcionamiento el pr\u00f3ximo 1 de mayo, inform\u00f3 la instituci\u00f3n.<br>\u00a0<br>La unidad m\u00e9dica denominada Unidad Temporal Covid-19 contar\u00e1 con 240 camas y tiene capacidad para ampliar hasta 840.\u00a0<br><br>&#8220;En 21 d\u00edas logramos construir un hospital, dise\u00f1ado para que en las pr\u00f3ximas semanas, dependiendo la evoluci\u00f3n de la pandemia, pueda ir creciendo&#8221;, explic\u00f3 Germ\u00e1n Fajardo Dolci, director de la Facultad de Medicina.\u00a0<br><br>Al asistir al programa de TV UNAM, &#8220;La UNAM responde&#8221;, el acad\u00e9mico reconoci\u00f3 el esfuerzo de varias instituciones y fundaciones para llevar a cabo este proyecto, que cuenta con todos los servicios para atender a pacientes con el nuevo coronavirus.<br><br>Mencion\u00f3 que la unidad m\u00e9dica es la que se ubica en el Centro Citibanamex.\u00a0<br><br>&#8220;La Facultad de Medicina estar\u00e1 a cargo de la log\u00edstica del hospital, por lo que el personal de bata gris ayudar\u00e1 a su funcionamiento a trav\u00e9s de la gerencia y la administraci\u00f3n, mientras que la Secretar\u00eda de Salud de la Ciudad de M\u00e9xico brindar\u00e1 atenci\u00f3n al paciente mediante el personal de bata blanca. <br><br>&#8220;Muchos de los m\u00e9dicos contratados son universitarios comprometidos para salvaguardar la vida de los ciudadanos&#8221;, enfatiz\u00f3.\u00a0<br><br>Tras destacar la contribuci\u00f3n de m\u00e9dicos y enfermeras de la Facultad, que se han solidarizado para mitigar la pandemia, recalc\u00f3 que en la unidad, ubicada en el Centro Citibanamex, hay varias salas donde se ha dado capacitaci\u00f3n de manera presencial y remota desde el lunes pasado. <br><br>Ah\u00ed se brinda informaci\u00f3n sobre el paciente con COVID-19 y protecci\u00f3n individual del personal de salud para evitar contagios.<br><br>En t\u00e9rminos educativos, Fajardo Dolci coment\u00f3 que uno de los retos a los que se han enfrentado durante la pandemia es que no todos los alumnos cuentan con herramientas para la educaci\u00f3n a distancia, y los profesores se han ido capacitando para dar clases virtuales mediante plataformas.<br><br>&#8220;Por ello, al regreso se reforzar\u00e1n estas \u00e1reas para continuar a la vanguardia&#8221;, expres\u00f3. Mencion\u00f3 que desde el inicio del distanciamiento social, la Facultad ha seguido adelante con sus programas, sus cinco carreras y dem\u00e1s actividades.<br><br>&#8220;Alrededor de 60 m\u00e9dicos atienden a la poblaci\u00f3n a trav\u00e9s de nuestro Call center, donde resuelven dudas sobre el coronavirus; adem\u00e1s, contamos con el Departamento de Psiquiatr\u00eda y Salud Mental para brindar apoyo&#8221;.<\/p>\n","protected":false},"excerpt":{"rendered":"<p>Entrar\u00e1 en funcionamiento el pr\u00f3ximo 1 de mayo, inform\u00f3 la instituci\u00f3n<\/p>\n","protected":false},"author":81,"featured_media":0,"comment_status":"closed","ping_status":"open","sticky":false,"template":"","format":"standard","meta":{"footnotes":""},"categories":[36],"tags":[],"class_list":["post-106286","post","type-post","status-publish","format-standard","hentry","category-nacion"],"_links":{"self":[{"href":"https:\/\/plazajuarez.mx\/historico\/wp-json\/wp\/v2\/posts\/106286","targetHints":{"allow":["GET"]}}],"collection":[{"href":"https:\/\/plazajuarez.mx\/historico\/wp-json\/wp\/v2\/posts"}],"about":[{"href":"https:\/\/plazajuarez.mx\/historico\/wp-json\/wp\/v2\/types\/post"}],"author":[{"embeddable":true,"href":"https:\/\/plazajuarez.mx\/historico\/wp-json\/wp\/v2\/users\/81"}],"replies":[{"embeddable":true,"href":"https:\/\/plazajuarez.mx\/historico\/wp-json\/wp\/v2\/comments?post=106286"}],"version-history":[{"count":0,"href":"https:\/\/plazajuarez.mx\/historico\/wp-json\/wp\/v2\/posts\/106286\/revisions"}],"wp:attachment":[{"href":"https:\/\/plazajuarez.mx\/historico\/wp-json\/wp\/v2\/media?parent=106286"}],"wp:term":[{"taxonomy":"category","embeddable":true,"href":"https:\/\/plazajuarez.mx\/historico\/wp-json\/wp\/v2\/categories?post=106286"},{"taxonomy":"post_tag","embeddable":true,"href":"https:\/\/plazajuarez.mx\/historico\/wp-json\/wp\/v2\/tags?post=106286"}],"curies":[{"name":"wp","href":"https:\/\/api.w.org\/{rel}","templated":true}]}}