{"id":106272,"date":"2020-04-24T18:43:41","date_gmt":"2020-04-24T18:43:41","guid":{"rendered":"https:\/\/plazajuarez.mx\/?p=106272"},"modified":"2020-04-24T18:50:10","modified_gmt":"2020-04-24T18:50:10","slug":"amlo-confirma-relevo-en-direccion-de-aduanas-para-limpiar-corrupcion","status":"publish","type":"post","link":"https:\/\/plazajuarez.mx\/historico\/amlo-confirma-relevo-en-direccion-de-aduanas-para-limpiar-corrupcion\/","title":{"rendered":"AMLO confirma relevo en direcci\u00f3n de aduanas para limpiar corrupci\u00f3n"},"content":{"rendered":"\n<p><strong>&#8220;En el caso de las aduanas viene una limpia&#8221;, anunci\u00f3 el presidente, tras confirmar la renuncia del hasta ahora director de la Administraci\u00f3n General de Aduanas, Ricardo Ahued<\/strong><\/p>\n\n\n\n<!--more-->\n\n\n\n<p>El presidente de M\u00e9xico, Andr\u00e9s Manuel L\u00f3pez Obrador, confirm\u00f3 este viernes &#8220;un cambio&#8221; en la direcci\u00f3n general de Aduanas, despu\u00e9s de no haber podido &#8220;limpiar&#8221; la corrupci\u00f3n existente en las fronteras.<br><br>&#8220;En el caso de las aduanas viene una limpia&#8221;, anunci\u00f3 el presidente, tras confirmar la renuncia del hasta ahora director de la Administraci\u00f3n General de Aduanas, Ricardo Ahued, que no ha podido vencer al &#8220;monstruo de 100 cabezas&#8221; que es la corrupci\u00f3n fronteriza.<br><br>&#8220;\u00c9l me pidi\u00f3 que quiere estar en el Senado. Ricardo Ahued es un hombre \u00edntegro, una gente buena, un hombre honesto&#8221;, defendi\u00f3 L\u00f3pez Obrador a un hombre que ha durado once meses en el cargo.<br><br>&#8220;Ahued fue legislador en Veracruz en los tiempos de la gran corrupci\u00f3n y vot\u00f3 en contra de la aprobaci\u00f3n de la cuenta p\u00fablica de un gobernador. Es gente respetable&#8221;, continu\u00f3 el presidente.<br><br>Ricardo Ahued dejar\u00e1 su cargo el d\u00eda 30 de abril y se reincorporar\u00e1 a la C\u00e1mara Alta, donde tiene un esca\u00f1o por el estado de Veracruz en representaci\u00f3n del oficialista Movimiento Regeneraci\u00f3n Nacional (Morena).<br><br>El legislador fue nombrado director de Aduanas en mayo de 2019, un cargo al que le aup\u00f3 el propio presidente en sustituci\u00f3n Ricardo Peralta, que pas\u00f3 a ejercer como subsecretario de la Secretar\u00eda de Gobernaci\u00f3n.<br><br>L\u00f3pez Obrador explic\u00f3 que este mismo viernes se reunir\u00e1 con el senador para tratar su vuelta al Congreso, un encuentro en el que tambi\u00e9n participar\u00e1 el presidente de la Junta de Coordinaci\u00f3n Pol\u00edtica del Senado, Ricardo Monreal.<br><br>El mandatario asegur\u00f3 que el problema de corrupci\u00f3n en las fronteras es tan grave &#8220;como el problema de los homicidios&#8221;, porque se han hecho costumbre &#8220;el influyentismo&#8221; y &#8220;los actos de inmoralidad&#8221;.<br><br>El presidente, al explicar su limpia en las fronteras, dijo que su Gobierno debe seguir &#8220;avanzando y dando el ejemplo de que no haya corrupci\u00f3n, impunidad, contubernio entre delincuencia y autoridades&#8221;.<\/p>\n","protected":false},"excerpt":{"rendered":"<p>&#8220;En el caso de las aduanas viene una limpia&#8221;, anunci\u00f3 el presidente, tras confirmar la renuncia del hasta ahora director de la Administraci\u00f3n General de Aduanas, Ricardo Ahued<\/p>\n","protected":false},"author":80,"featured_media":0,"comment_status":"closed","ping_status":"open","sticky":false,"template":"","format":"standard","meta":{"footnotes":""},"categories":[15,36],"tags":[],"class_list":["post-106272","post","type-post","status-publish","format-standard","hentry","category-destacadas","category-nacion"],"_links":{"self":[{"href":"https:\/\/plazajuarez.mx\/historico\/wp-json\/wp\/v2\/posts\/106272","targetHints":{"allow":["GET"]}}],"collection":[{"href":"https:\/\/plazajuarez.mx\/historico\/wp-json\/wp\/v2\/posts"}],"about":[{"href":"https:\/\/plazajuarez.mx\/historico\/wp-json\/wp\/v2\/types\/post"}],"author":[{"embeddable":true,"href":"https:\/\/plazajuarez.mx\/historico\/wp-json\/wp\/v2\/users\/80"}],"replies":[{"embeddable":true,"href":"https:\/\/plazajuarez.mx\/historico\/wp-json\/wp\/v2\/comments?post=106272"}],"version-history":[{"count":0,"href":"https:\/\/plazajuarez.mx\/historico\/wp-json\/wp\/v2\/posts\/106272\/revisions"}],"wp:attachment":[{"href":"https:\/\/plazajuarez.mx\/historico\/wp-json\/wp\/v2\/media?parent=106272"}],"wp:term":[{"taxonomy":"category","embeddable":true,"href":"https:\/\/plazajuarez.mx\/historico\/wp-json\/wp\/v2\/categories?post=106272"},{"taxonomy":"post_tag","embeddable":true,"href":"https:\/\/plazajuarez.mx\/historico\/wp-json\/wp\/v2\/tags?post=106272"}],"curies":[{"name":"wp","href":"https:\/\/api.w.org\/{rel}","templated":true}]}}