{"id":106130,"date":"2020-04-24T06:00:00","date_gmt":"2020-04-24T06:00:00","guid":{"rendered":"https:\/\/plazajuarez.mx\/?p=106130"},"modified":"2020-04-24T03:03:17","modified_gmt":"2020-04-24T03:03:17","slug":"postergan-reapertura-de-industrias-exportadoras","status":"publish","type":"post","link":"https:\/\/plazajuarez.mx\/historico\/postergan-reapertura-de-industrias-exportadoras\/","title":{"rendered":"Postergan reapertura de industrias exportadoras"},"content":{"rendered":"\n<p><strong>&#8220;Nos hemos comprometido sobre todo con empresarios nacionales a analizar estas aperturas\u201d, dijo AMLO\u00a0\u00a0<\/strong><\/p>\n\n\n\n<!--more-->\n\n\n\n<p>AMLO posterg\u00f3 ayer un acuerdo para reabrir las industrias exportadoras con EU hasta que haya mejorado la situaci\u00f3n de la pandemia del coronavirus SARS-CoV-2 en el pa\u00eds vecino.<\/p>\n\n\n\n<p>&#8220;Pero esto todav\u00eda no se decide porque la epidemia de coronavirus en EU desgraciadamente les est\u00e1 afectando mucho y nosotros tambi\u00e9n tenemos nuestra pol\u00edtica sanitaria&#8221;.<\/p>\n\n\n\n<p><strong>ENVIAR\u00c1 AMLO INICIATIVA PARA MODIFICAR PRESUPUESTO 2020<\/strong><\/p>\n\n\n\n<p>AMLO&nbsp; inform\u00f3 que ayer enviar\u00eda a la C\u00e1mara de Diputados una iniciativa de ley con car\u00e1cter de urgente para poder modificar el Presupuesto de Egresos de la Federaci\u00f3n 2020 y que vaya en el mismo sentido de las 11 medidas que present\u00f3 para enfrentar la crisis econ\u00f3mica por el coronavirus y la ca\u00edda de los precios del petr\u00f3leo.&nbsp;<\/p>\n\n\n\n<p><strong>PIDE AMLO DAR TRABAJO A ALBA\u00d1ILES EN ESCUELAS P\u00daBLICAS&nbsp;<\/strong><\/p>\n\n\n\n<p>Al asegurar que la industria de la construcci\u00f3n es la que reactiva m\u00e1s pronto una econom\u00eda, AMLO pidi\u00f3 a los comit\u00e9s de madres y padres de familia de escuelas p\u00fablicas que despu\u00e9s de que finalice la pandemia del Covid-19, en vez de invertir en la compra de computadoras, se contrate a alba\u00f1iles y trabajadores de la construcci\u00f3n para darle trabajo a este sector.<\/p>\n\n\n\n<p><strong>AGRADECE AMLO APOYO DE FUNDACI\u00d3N TELET\u00d3N<\/strong><\/p>\n\n\n\n<p>AMLO agradeci\u00f3 el buen gesto y apoyo del director de la Fundaci\u00f3n Telet\u00f3n, Fernando Landeros, de poner a disposici\u00f3n del gobierno federal sus instalaciones para la atenci\u00f3n de pacientes con Covid-19.<\/p>\n\n\n\n<p><strong>AMLO LLAMA A PARAR ATAQUES CONTRA PERSONAL DE SALUD&nbsp;<\/strong><\/p>\n\n\n\n<p>AMLO&nbsp; llam\u00f3 a parar los ataques contra el personal de salud porque, acus\u00f3, son actos detestables de discriminaci\u00f3n y por el contrario, pidi\u00f3 a la poblaci\u00f3n reconocer la labor que est\u00e1n realizando al combatir la pandemia del coronavirus Covid-19.<\/p>\n","protected":false},"excerpt":{"rendered":"<p>&#8220;Nos hemos comprometido sobre todo con empresarios nacionales a analizar estas aperturas\u201d, dijo AMLO\u00a0\u00a0<\/p>\n","protected":false},"author":80,"featured_media":0,"comment_status":"closed","ping_status":"open","sticky":false,"template":"","format":"standard","meta":{"footnotes":""},"categories":[15,36],"tags":[],"class_list":["post-106130","post","type-post","status-publish","format-standard","hentry","category-destacadas","category-nacion"],"_links":{"self":[{"href":"https:\/\/plazajuarez.mx\/historico\/wp-json\/wp\/v2\/posts\/106130","targetHints":{"allow":["GET"]}}],"collection":[{"href":"https:\/\/plazajuarez.mx\/historico\/wp-json\/wp\/v2\/posts"}],"about":[{"href":"https:\/\/plazajuarez.mx\/historico\/wp-json\/wp\/v2\/types\/post"}],"author":[{"embeddable":true,"href":"https:\/\/plazajuarez.mx\/historico\/wp-json\/wp\/v2\/users\/80"}],"replies":[{"embeddable":true,"href":"https:\/\/plazajuarez.mx\/historico\/wp-json\/wp\/v2\/comments?post=106130"}],"version-history":[{"count":0,"href":"https:\/\/plazajuarez.mx\/historico\/wp-json\/wp\/v2\/posts\/106130\/revisions"}],"wp:attachment":[{"href":"https:\/\/plazajuarez.mx\/historico\/wp-json\/wp\/v2\/media?parent=106130"}],"wp:term":[{"taxonomy":"category","embeddable":true,"href":"https:\/\/plazajuarez.mx\/historico\/wp-json\/wp\/v2\/categories?post=106130"},{"taxonomy":"post_tag","embeddable":true,"href":"https:\/\/plazajuarez.mx\/historico\/wp-json\/wp\/v2\/tags?post=106130"}],"curies":[{"name":"wp","href":"https:\/\/api.w.org\/{rel}","templated":true}]}}