{"id":106121,"date":"2020-04-24T06:00:00","date_gmt":"2020-04-24T06:00:00","guid":{"rendered":"https:\/\/plazajuarez.mx\/?p=106121"},"modified":"2020-04-24T02:56:21","modified_gmt":"2020-04-24T02:56:21","slug":"piden-extincion-de-fideicomisos-de-la-corte-y-senado","status":"publish","type":"post","link":"https:\/\/plazajuarez.mx\/historico\/piden-extincion-de-fideicomisos-de-la-corte-y-senado\/","title":{"rendered":"Piden extinci\u00f3n de fideicomisos de la Corte y Senado"},"content":{"rendered":"\n<p><strong>Para ayudar al pa\u00eds a salir de la crisis econ\u00f3mica y sanitaria por el coronavirus<\/strong><\/p>\n\n\n\n<!--more-->\n\n\n\n<p>La diputada Dolores Padierna propuso la extinci\u00f3n de los fideicomisos que administran los poderes Legislativo y Judicial, pues juntos sumar\u00edan 6 mil 468 millones de pesos, para ayudar al pa\u00eds a salir de la crisis econ\u00f3mica y sanitaria por el coronavirus.<\/p>\n\n\n\n<p>Tras la extinci\u00f3n de los fideicomisos decretada por el presidente Andr\u00e9s Manuel L\u00f3pez Obrador, ahora podr\u00eda seguir la de al menos la mitad de los fideicomisos administrados por la Suprema Corte de Justicia de la Naci\u00f3n (SCJN) y el Consejo de la Judicatura Federal (CJF), adem\u00e1s del que administra el Senado, en aras de la austeridad, plante\u00f3 la vicepresidenta de la mesa directiva de la C\u00e1mara.<\/p>\n\n\n\n<p>Apel\u00f3 a que los integrantes del Poder Judicial y del Senado se sumen as\u00ed al esfuerzo de otros sectores del pa\u00eds en apoyo a los sectores que se ver\u00e1n m\u00e1s afectados por la emergencia sanitaria del covid-19.<\/p>\n","protected":false},"excerpt":{"rendered":"<p>Para ayudar al pa\u00eds a salir de la crisis econ\u00f3mica y sanitaria por el coronavirus<\/p>\n","protected":false},"author":81,"featured_media":0,"comment_status":"closed","ping_status":"open","sticky":false,"template":"","format":"standard","meta":{"footnotes":""},"categories":[36],"tags":[],"class_list":["post-106121","post","type-post","status-publish","format-standard","hentry","category-nacion"],"_links":{"self":[{"href":"https:\/\/plazajuarez.mx\/historico\/wp-json\/wp\/v2\/posts\/106121","targetHints":{"allow":["GET"]}}],"collection":[{"href":"https:\/\/plazajuarez.mx\/historico\/wp-json\/wp\/v2\/posts"}],"about":[{"href":"https:\/\/plazajuarez.mx\/historico\/wp-json\/wp\/v2\/types\/post"}],"author":[{"embeddable":true,"href":"https:\/\/plazajuarez.mx\/historico\/wp-json\/wp\/v2\/users\/81"}],"replies":[{"embeddable":true,"href":"https:\/\/plazajuarez.mx\/historico\/wp-json\/wp\/v2\/comments?post=106121"}],"version-history":[{"count":0,"href":"https:\/\/plazajuarez.mx\/historico\/wp-json\/wp\/v2\/posts\/106121\/revisions"}],"wp:attachment":[{"href":"https:\/\/plazajuarez.mx\/historico\/wp-json\/wp\/v2\/media?parent=106121"}],"wp:term":[{"taxonomy":"category","embeddable":true,"href":"https:\/\/plazajuarez.mx\/historico\/wp-json\/wp\/v2\/categories?post=106121"},{"taxonomy":"post_tag","embeddable":true,"href":"https:\/\/plazajuarez.mx\/historico\/wp-json\/wp\/v2\/tags?post=106121"}],"curies":[{"name":"wp","href":"https:\/\/api.w.org\/{rel}","templated":true}]}}