{"id":106120,"date":"2020-04-24T06:00:00","date_gmt":"2020-04-24T06:00:00","guid":{"rendered":"https:\/\/plazajuarez.mx\/?p=106120"},"modified":"2020-04-24T02:53:02","modified_gmt":"2020-04-24T02:53:02","slug":"confirman-primer-caso-de-covid-19-en-tula-de-allende","status":"publish","type":"post","link":"https:\/\/plazajuarez.mx\/historico\/confirman-primer-caso-de-covid-19-en-tula-de-allende\/","title":{"rendered":"Confirman primer caso de Covid-19 en Tula de Allende"},"content":{"rendered":"\n<p><strong>Mediante un comunicado el alcalde reiter\u00f3 a la ciudadan\u00eda el llamado a quedarse en casa y salir a la calle \u00fanicamente por lo indispensable, con las debidas medidas de protecci\u00f3n<\/strong>.<\/p>\n\n\n\n<!--more-->\n\n\n\n<p>\u201cHoy m\u00e1s que nunca, las y los tulenses debemos ser solidarios y atender las medidas emitidas por las autoridades sanitarias\u201d, indic\u00f3 el alcalde Ismael Gadoth Tapia Ben\u00edtez, luego de que se diera a conocer la tarde del mi\u00e9rcoles, a trav\u00e9s del comunicado de la Secretar\u00eda de Salud de Hidalgo, que el municipio de Tula registr\u00f3 el primer caso confirmado de Covid-19.<\/p>\n\n\n\n<p>Mediante un comunicado el alcalde reiter\u00f3 a la ciudadan\u00eda el llamado a quedarse en casa y salir a la calle \u00fanicamente por lo indispensable, con las debidas medidas de protecci\u00f3n.<\/p>\n\n\n\n<p>Dijo que se continuar\u00e1, como se ha venido realizando en las \u00faltimas semanas, la sanitizaci\u00f3n de espacios p\u00fablicos, con especial atenci\u00f3n en los centros de abasto y zonas de mayor afluencia.<\/p>\n\n\n\n<p>Asegur\u00f3 que se ha mantenido conversaci\u00f3n y di\u00e1logo con establecimientos no esenciales para que, en atenci\u00f3n a la emergencia, suspendan temporalmente sus actividades.<\/p>\n\n\n\n<p>El jefe del Ejecutivo municipal hizo hincapi\u00e9 en la petici\u00f3n a la poblaci\u00f3n a que acate las medidas de sanidad, como evitar el contacto f\u00edsico con otras personas, lavado constante de manos, mantener una sana distancia, y dar seguimiento a la informaci\u00f3n veraz.<\/p>\n\n\n\n<p>&#8220;Es el momento de extremar precauciones, de seguir al pie de la letra las recomendaciones, es el momento de que cada persona y las familias, amigos, vecinos, sepan qu\u00e9 hacer ante esta pandemia&#8221;.<\/p>\n\n\n\n<p>Consider\u00f3 que entre m\u00e1s se demore en atender las recomendaciones sanitarias, m\u00e1s tiempo deber\u00e1 la gente de permanecer en casa. Insisti\u00f3 en que cada persona debe asumir su responsabilidad. \u201cHoy Tula nos necesita fuertes, hoy Tula nos necesita sanos\u201d.<\/p>\n","protected":false},"excerpt":{"rendered":"<p>Mediante un comunicado el alcalde reiter\u00f3 a la ciudadan\u00eda el llamado a quedarse en casa y salir a la calle \u00fanicamente por lo indispensable, con las debidas medidas de protecci\u00f3n.<\/p>\n","protected":false},"author":71,"featured_media":0,"comment_status":"closed","ping_status":"open","sticky":false,"template":"","format":"standard","meta":{"footnotes":""},"categories":[15,40],"tags":[],"class_list":["post-106120","post","type-post","status-publish","format-standard","hentry","category-destacadas","category-region"],"_links":{"self":[{"href":"https:\/\/plazajuarez.mx\/historico\/wp-json\/wp\/v2\/posts\/106120","targetHints":{"allow":["GET"]}}],"collection":[{"href":"https:\/\/plazajuarez.mx\/historico\/wp-json\/wp\/v2\/posts"}],"about":[{"href":"https:\/\/plazajuarez.mx\/historico\/wp-json\/wp\/v2\/types\/post"}],"author":[{"embeddable":true,"href":"https:\/\/plazajuarez.mx\/historico\/wp-json\/wp\/v2\/users\/71"}],"replies":[{"embeddable":true,"href":"https:\/\/plazajuarez.mx\/historico\/wp-json\/wp\/v2\/comments?post=106120"}],"version-history":[{"count":0,"href":"https:\/\/plazajuarez.mx\/historico\/wp-json\/wp\/v2\/posts\/106120\/revisions"}],"wp:attachment":[{"href":"https:\/\/plazajuarez.mx\/historico\/wp-json\/wp\/v2\/media?parent=106120"}],"wp:term":[{"taxonomy":"category","embeddable":true,"href":"https:\/\/plazajuarez.mx\/historico\/wp-json\/wp\/v2\/categories?post=106120"},{"taxonomy":"post_tag","embeddable":true,"href":"https:\/\/plazajuarez.mx\/historico\/wp-json\/wp\/v2\/tags?post=106120"}],"curies":[{"name":"wp","href":"https:\/\/api.w.org\/{rel}","templated":true}]}}