{"id":1061,"date":"2015-02-18T06:00:00","date_gmt":"2015-02-18T06:00:00","guid":{"rendered":"http:\/\/plazajuarez.mx\/index\/index.php\/2015\/02\/18\/muere-al-accidentarse-en-su-motocicleta\/"},"modified":"2015-02-18T06:00:00","modified_gmt":"2015-02-18T06:00:00","slug":"muere-al-accidentarse-en-su-motocicleta","status":"publish","type":"post","link":"https:\/\/plazajuarez.mx\/historico\/muere-al-accidentarse-en-su-motocicleta\/","title":{"rendered":"Muere al accidentarse en su motocicleta"},"content":{"rendered":"<p>EL PILOTO SE IMPACT\u00d3 BRUTALMENTE CONTRA UNA CAMIONETA\u00a0<\/p>\n<p>  <!--more-->  <\/p>\n<p>\u00a0<\/p>\n<p>Una madrugada fat\u00eddica fue la de ayer en el municipio de Mixquiahuala, pues se suscitaron varios percances, entre ellos el deceso de un motociclista que circulaba a gran velocidad, pero repentinamente perdi\u00f3 el control de la unidad y se impact\u00f3 con la parte trasera de una camioneta de redilas, por lo que el agente del Ministerio P\u00fablico acudi\u00f3 a dar fe de lo acontecido.<\/p>\n<p>El percance tuvo lugar al filo de las 03:15 horas en la avenida Hidalgo, donde qued\u00f3 severamente da\u00f1ada una motocicleta color gris, marca Yamaha sin placas de circulaci\u00f3n y a unos metros qued\u00f3 el cuerpo inerte de un masculino.<\/p>\n<p>En el lugar, oficiales de la Polic\u00eda Municipal acordonaron el \u00e1rea para permitir el libre accionar del representante social, mientras que personal de la Coordinaci\u00f3n de Seguridad Estatal se hicieron cargo de las diligencias del accidente.<\/p>\n<p>El informe al respecto revela que el motociclista luego choc\u00f3 contra la parte trasera de una camioneta de tres y media toneladas marca Ford pick up, tipo f-350, color morada con redilas blancas y\u00a0 placas para transitar del estado de Michoac\u00e1n.<\/p>\n<p>Al dar su declaraci\u00f3n inicial el conductor de la camioneta refiri\u00f3 que el estaba durmiendo en el interior del automotor que estaba aparcado en el \u00e1rea de acotamiento de la carretera\u00a0 y que s\u00f3lo sinti\u00f3 el impacto, aclarando que se dedica a vender sillas en el lugar y al descender de la unidad vio la moto tirada en la cinta asf\u00e1ltica.<\/p>\n<p>Durante la labor del agente del Ministerio P\u00fablico, se encontr\u00f3 en las pertenencias del ahora occiso un documento con fotograf\u00eda, la cual coincide con la fisonom\u00eda de la v\u00edctima y que fue expedido a nombre de Jos\u00e9 Luis Hern\u00e1ndez Hern\u00e1ndez, quien hasta antes de perecer contaba con 33 a\u00f1os de edad.<\/p>\n<p>As\u00ed mismo en la averiguaci\u00f3n previa n\u00famero10\/251\/III\/2015, se describe que la causa de muerte del infortunado fue por anemia aguda secundaria a estallamiento de v\u00edsceras consecutivo a traumatismo toracoabdominal.<\/p>\n","protected":false},"excerpt":{"rendered":"<p>EL PILOTO SE IMPACT\u00d3 BRUTALMENTE CONTRA UNA CAMIONETA\u00a0<\/p>\n","protected":false},"author":93,"featured_media":0,"comment_status":"open","ping_status":"open","sticky":false,"template":"","format":"standard","meta":{"footnotes":""},"categories":[37],"tags":[],"class_list":["post-1061","post","type-post","status-publish","format-standard","hentry","category-barandilla"],"_links":{"self":[{"href":"https:\/\/plazajuarez.mx\/historico\/wp-json\/wp\/v2\/posts\/1061","targetHints":{"allow":["GET"]}}],"collection":[{"href":"https:\/\/plazajuarez.mx\/historico\/wp-json\/wp\/v2\/posts"}],"about":[{"href":"https:\/\/plazajuarez.mx\/historico\/wp-json\/wp\/v2\/types\/post"}],"author":[{"embeddable":true,"href":"https:\/\/plazajuarez.mx\/historico\/wp-json\/wp\/v2\/users\/93"}],"replies":[{"embeddable":true,"href":"https:\/\/plazajuarez.mx\/historico\/wp-json\/wp\/v2\/comments?post=1061"}],"version-history":[{"count":0,"href":"https:\/\/plazajuarez.mx\/historico\/wp-json\/wp\/v2\/posts\/1061\/revisions"}],"wp:attachment":[{"href":"https:\/\/plazajuarez.mx\/historico\/wp-json\/wp\/v2\/media?parent=1061"}],"wp:term":[{"taxonomy":"category","embeddable":true,"href":"https:\/\/plazajuarez.mx\/historico\/wp-json\/wp\/v2\/categories?post=1061"},{"taxonomy":"post_tag","embeddable":true,"href":"https:\/\/plazajuarez.mx\/historico\/wp-json\/wp\/v2\/tags?post=1061"}],"curies":[{"name":"wp","href":"https:\/\/api.w.org\/{rel}","templated":true}]}}