{"id":106041,"date":"2020-04-23T23:14:21","date_gmt":"2020-04-23T23:14:21","guid":{"rendered":"https:\/\/plazajuarez.mx\/?p=106041"},"modified":"2020-04-23T23:17:09","modified_gmt":"2020-04-23T23:17:09","slug":"exhorta-fayad-a-hacer-equipo-contra-coronavirus","status":"publish","type":"post","link":"https:\/\/plazajuarez.mx\/historico\/exhorta-fayad-a-hacer-equipo-contra-coronavirus\/","title":{"rendered":"Exhorta Fayad a hacer equipo contra coronavirus"},"content":{"rendered":"\n<p><strong>Fortalece Hospital de Respuesta Inmediata con tom\u00f3grafo, \u00fanico instalado en un hospital temporal en Latinoam\u00e9rica<\/strong><\/p>\n\n\n\n<!--more-->\n\n\n\n<p>\u201cHagamos equipo trabajemos unidos y recuerda el mejor escudo ante el coronavirus es la puerta de tu casa, cu\u00eddate as\u00ed y as\u00ed nos cuidas a todos\u201d, exhort\u00f3 el gobernador Omar Fayad por medio de un video que public\u00f3 en sus redes sociales.<\/p>\n\n\n\n<center><figure><iframe loading=\"lazy\" src=\"https:\/\/www.facebook.com\/plugins\/video.php?href=https%3A%2F%2Fwww.facebook.com%2Fomarfayadmeneses%2Fvideos%2F2515179092032730%2F&amp;show_text=0&amp;width=560\" width=\"560\" height=\"315\" allowfullscreen=\"true\"><\/iframe><\/figure><\/center><p>\n\n\n\n<p><\/p>\n\n\n\n<p>El titular del Ejecutivo estatal anunci\u00f3 que reforz\u00f3 las herramientas del Hospital de Respuesta Inmediata Covid-19 con uno de los tom\u00f3grafos m\u00e1s modernos del pa\u00eds, instrumento tecnol\u00f3gico de 128 cortes, el cual tiene habilitado un programa especial para realizar estudios de pulm\u00f3n y obtener im\u00e1genes de alta calidad, en tercera dimensi\u00f3n y no es invasivo para el paciente con Covid-19.<\/p>\n\n\n\n<p>El tom\u00f3grafo del Hospital de Respuesta Inmediata es una herramienta eficiente que s\u00f3lo tienen hospitales de muy alta especialidad en M\u00e9xico y en el mundo; \u00e9ste es el primero instalado en un hospital temporal especializado en Covid-19, \u201cno s\u00f3lo en el pa\u00eds, lo hace \u00fanico en Am\u00e9rica Latina y en muchas partes del mundo\u201d.<\/p>\n\n\n\n<p>Lo anterior -puntualiz\u00f3- ratifica que los servicios de salud en Hidalgo son confiables, por medio del tom\u00f3grafo de \u00faltima generaci\u00f3n personal m\u00e9dico realizar\u00e1 en \u201cminutos diagn\u00f3sticos r\u00e1pidos y confiables sobre las afectaciones del coronavirus\u201d, detectar\u00e1 las lesiones en los pulmones y evaluar\u00e1 si est\u00e1 comprometido el sistema respiratorio de los pacientes con Covid-19, por ello tambi\u00e9n ser\u00e1 muy \u00fatil en la etapa de seguimiento.<\/p>\n\n\n\n<center><figure><iframe loading=\"lazy\" src=\"https:\/\/www.facebook.com\/plugins\/post.php?href=https%3A%2F%2Fwww.facebook.com%2Fomarfayadmeneses%2Fposts%2F2572762399602739&amp;width=500\" width=\"500\" height=\"770\"><\/iframe><\/figure><\/center><p>\n\n\n\n<p><\/p>\n\n\n\n<p>Al iniciar la tercera etapa de la pandemia, Hidalgo registra m\u00e1s de 100 contagios y 16 lamentables decesos, cit\u00f3 el mandatario.<\/p>\n\n\n\n<p>Agradeci\u00f3 el trabajo del personal m\u00e9dico, de enfermer\u00eda y de salud \u201cellos son nuestros h\u00e9roes y la primera l\u00ednea de batalla en contra de este virus que es un enemigo invisible, pero real\u201d.<\/p>\n\n\n\n<p>Acatar las medidas sanitarias y actuar de manera responsable est\u00e1 en manos de la sociedad, \u201csi respetamos las medidas, la par\u00e1lisis en las actividades la crisis econ\u00f3mica y social ser\u00e1n menos profundas\u201d, expres\u00f3.<\/p>\n\n\n\n<p>\u201cHemos puesto en riesgo nuestras vidas para evitar que t\u00fa y tu familia lo hicieras, esa es nuestra responsabilidad y compromiso como servidores p\u00fablicos\u201d, por ello, reiter\u00f3 que es indispensable que la sociedad se quede en casa para no afectar su salud, ni a quienes m\u00e1s quieran.<\/p>\n\n\n\n<p>El gobernador Fayad record\u00f3 que el 28 de marzo fue diagnosticado con Covid-19. \u201cViv\u00ed en carne propia los da\u00f1os que provoca este virus, la recuperaci\u00f3n es dif\u00edcil y tambi\u00e9n el aislamiento es muy complicado estar lejos de la familia y amigos\u201d, con la incertidumbre de empeorar por tener un virus que por el momento no tiene vacuna. Al seguir las indicaciones m\u00e9dicas super\u00f3 la enfermedad.&nbsp;<\/p>\n\n\n\n<p>La mejor forma de vencer el miedo y la incertidumbre es actuar con disciplina y empat\u00eda, acatar las medidas sanitarias como el lavado frecuente de&nbsp; manos, la sana distancia, el estornudo de etiqueta, el uso del cubrebocas y el qu\u00e9date en casa hacen una gran diferencia y contribuyen a reducir los riesgos de contagio, mencion\u00f3.<\/p>\n","protected":false},"excerpt":{"rendered":"<p>Fortalece Hospital de Respuesta Inmediata con tom\u00f3grafo, \u00fanico instalado en un hospital temporal en Latinoam\u00e9rica<\/p>\n","protected":false},"author":93,"featured_media":0,"comment_status":"closed","ping_status":"open","sticky":false,"template":"","format":"standard","meta":{"footnotes":""},"categories":[15,59],"tags":[],"class_list":["post-106041","post","type-post","status-publish","format-standard","hentry","category-destacadas","category-general"],"_links":{"self":[{"href":"https:\/\/plazajuarez.mx\/historico\/wp-json\/wp\/v2\/posts\/106041","targetHints":{"allow":["GET"]}}],"collection":[{"href":"https:\/\/plazajuarez.mx\/historico\/wp-json\/wp\/v2\/posts"}],"about":[{"href":"https:\/\/plazajuarez.mx\/historico\/wp-json\/wp\/v2\/types\/post"}],"author":[{"embeddable":true,"href":"https:\/\/plazajuarez.mx\/historico\/wp-json\/wp\/v2\/users\/93"}],"replies":[{"embeddable":true,"href":"https:\/\/plazajuarez.mx\/historico\/wp-json\/wp\/v2\/comments?post=106041"}],"version-history":[{"count":0,"href":"https:\/\/plazajuarez.mx\/historico\/wp-json\/wp\/v2\/posts\/106041\/revisions"}],"wp:attachment":[{"href":"https:\/\/plazajuarez.mx\/historico\/wp-json\/wp\/v2\/media?parent=106041"}],"wp:term":[{"taxonomy":"category","embeddable":true,"href":"https:\/\/plazajuarez.mx\/historico\/wp-json\/wp\/v2\/categories?post=106041"},{"taxonomy":"post_tag","embeddable":true,"href":"https:\/\/plazajuarez.mx\/historico\/wp-json\/wp\/v2\/tags?post=106041"}],"curies":[{"name":"wp","href":"https:\/\/api.w.org\/{rel}","templated":true}]}}