{"id":105960,"date":"2020-04-23T06:00:00","date_gmt":"2020-04-23T06:00:00","guid":{"rendered":"https:\/\/plazajuarez.mx\/?p=105960"},"modified":"2020-04-23T13:59:48","modified_gmt":"2020-04-23T13:59:48","slug":"restricciones-sanitarias-en-tianguis-del-miercoles-en-tula","status":"publish","type":"post","link":"https:\/\/plazajuarez.mx\/historico\/restricciones-sanitarias-en-tianguis-del-miercoles-en-tula\/","title":{"rendered":"Restricciones sanitarias en Tianguis del Mi\u00e9rcoles en Tula"},"content":{"rendered":"\n<p><strong>Hasta la ma\u00f1ana de ayer, Atotonilco de Tula registraba cuatro casos confirmados de Covid-19 y una defunci\u00f3n provocada por el virus<\/strong><\/p>\n\n\n\n<!--more-->\n\n\n\n<p><strong>Atotonilco de Tula<\/strong>.- Para evitar que el tianguis fuera suspendido, el Gobierno Municipal a trav\u00e9s de las \u00e1reas de Salud, Reglamentos y Espect\u00e1culos, Derechos Humanos municipal, Protecci\u00f3n Civil y Seguridad P\u00fablica, colocaron en los accesos filtros sanitarios y con ello evitar la propagaci\u00f3n del Covid-19.<\/p>\n\n\n\n<p>De acuerdo al Comunicado T\u00e9cnico dado a conocer por la Secretar\u00eda de Salud de Hidalgo, hasta la ma\u00f1ana de ayer, Atotonilco de Tula registraba cuatro casos confirmados por Covid-19 y una defunci\u00f3n provocada por el virus.<\/p>\n\n\n\n<p>Para evitar el contagio de m\u00e1s personas, el Gobierno Municipal, de manera coordinada con las diferentes \u00e1reas de la administraci\u00f3n local ha intensificado las medidas sanitarias.<\/p>\n\n\n\n<p>En el tianguis de los mi\u00e9rcoles que se ubica en c\u00e9ntricas calles de la cabecera municipal; colocaron filtros sanitarios en la entrada y salida, acci\u00f3n con la que se invit\u00f3 a los ciudadanos a lavarse las manos; evitar el ingreso de m\u00e1s de una personas por familia, la no presencia de adultos mayores, mujeres embarazadas y ni\u00f1os.<\/p>\n\n\n\n<p>Evitar\u00e1n aglomeraciones para proteger a toda la poblaci\u00f3n de m\u00e1s contagios, por lo que se pidi\u00f3 la colaboraci\u00f3n de la ciudadan\u00eda para juntos cumplir&nbsp; al pie de la letra las indicaciones b\u00e1sicas de sanidad.<\/p>\n\n\n\n<p>&nbsp;Ante el acatamiento de las medidas sanitarias con las que se busca garantizar la salud de los atotonilquenses, la autoridad municipal encabezada por el alcalde Ra\u00fal L\u00f3pez Ram\u00edrez agradeci\u00f3 el apoyo de comerciantes y pobladores.<\/p>\n\n\n\n<p>Los titulares de las \u00e1reas de Salud, Reglamentos y Espect\u00e1culos, Protecci\u00f3n Civil, Seguridad P\u00fablica y Derechos Humanos municipal, exhortaron a la poblaci\u00f3n a no bajar la guardia, de manera que al cumplir con las medidas sanitarias m\u00e1s pronto Atotonilco de Tula, Hidalgo y M\u00e9xico van a salir de la emergencia mundial.<\/p>\n\n\n\n<p>Se inform\u00f3 que como parte de las mismas medidas sanitarias en las comunidades, colonias y la cabecera municipal se contin\u00faa con las labores de sanitizaci\u00f3n de las principales calles, espacios p\u00fablicos como centros de salud, adem\u00e1s de que se recorren los comercios establecidos y ambulantes para invitarlos a cumplir con las normas sanitarias y con ellos, todos juntos velen por la salud de las familias atotonilquenses.<\/p>\n","protected":false},"excerpt":{"rendered":"<p>Hasta la ma\u00f1ana de ayer, Atotonilco de Tula registraba cuatro casos confirmados de Covid-19 y una defunci\u00f3n provocada por el virus<\/p>\n","protected":false},"author":71,"featured_media":0,"comment_status":"closed","ping_status":"open","sticky":false,"template":"","format":"standard","meta":{"footnotes":""},"categories":[40],"tags":[],"class_list":["post-105960","post","type-post","status-publish","format-standard","hentry","category-region"],"_links":{"self":[{"href":"https:\/\/plazajuarez.mx\/historico\/wp-json\/wp\/v2\/posts\/105960","targetHints":{"allow":["GET"]}}],"collection":[{"href":"https:\/\/plazajuarez.mx\/historico\/wp-json\/wp\/v2\/posts"}],"about":[{"href":"https:\/\/plazajuarez.mx\/historico\/wp-json\/wp\/v2\/types\/post"}],"author":[{"embeddable":true,"href":"https:\/\/plazajuarez.mx\/historico\/wp-json\/wp\/v2\/users\/71"}],"replies":[{"embeddable":true,"href":"https:\/\/plazajuarez.mx\/historico\/wp-json\/wp\/v2\/comments?post=105960"}],"version-history":[{"count":0,"href":"https:\/\/plazajuarez.mx\/historico\/wp-json\/wp\/v2\/posts\/105960\/revisions"}],"wp:attachment":[{"href":"https:\/\/plazajuarez.mx\/historico\/wp-json\/wp\/v2\/media?parent=105960"}],"wp:term":[{"taxonomy":"category","embeddable":true,"href":"https:\/\/plazajuarez.mx\/historico\/wp-json\/wp\/v2\/categories?post=105960"},{"taxonomy":"post_tag","embeddable":true,"href":"https:\/\/plazajuarez.mx\/historico\/wp-json\/wp\/v2\/tags?post=105960"}],"curies":[{"name":"wp","href":"https:\/\/api.w.org\/{rel}","templated":true}]}}