{"id":105957,"date":"2020-04-23T06:00:00","date_gmt":"2020-04-23T06:00:00","guid":{"rendered":"https:\/\/plazajuarez.mx\/?p=105957"},"modified":"2020-04-23T04:22:22","modified_gmt":"2020-04-23T04:22:22","slug":"el-covid-19-nos-cambio-la-vida-a-todos","status":"publish","type":"post","link":"https:\/\/plazajuarez.mx\/historico\/el-covid-19-nos-cambio-la-vida-a-todos\/","title":{"rendered":"\u201cEl Covid-19, nos cambi\u00f3 la vida a todos\u201d"},"content":{"rendered":"\n<p><strong>A su amigo y ex compa\u00f1ero no lo pudieron despedir como se lo merec\u00eda, esto debido a las medidas sanitarias por covid-19<\/strong><\/p>\n\n\n\n<!--more-->\n\n\n\n<p><strong>Tula de Allende<\/strong>.- \u201cLa pandemia nos cambi\u00f3 la vida a todos. Morir hoy de lo que sea causa mucha m\u00e1s tristeza y angustia a los que se quedan\u201d, expres\u00f3 un hombre, amigo de un vecino de la colonia Pemex que lamentablemente perdi\u00f3 la batalla contra el c\u00e1ncer.<\/p>\n\n\n\n<p>El hombre que nos pidi\u00f3 no revelar su nombre para evitar controversias por su punto de vista, dijo que al presenciar a distancia del f\u00e9retro ayer la celebraci\u00f3n religiosa de su amigo le hab\u00eda dejado un gran dolor y que seguramente ese mismo dolor sent\u00eda su familia, ya que a su amigo y ex compa\u00f1ero no lo pudieron despedir como se lo merec\u00eda \u201cComo un grande\u201d, debido a las medidas sanitarias.<\/p>\n\n\n\n<p>La celebraci\u00f3n religiosa se llev\u00f3 a cabo en el atrio frente a la entrada principal a la Catedral de San Jos\u00e9. Para cuidar la salud de los asistentes s\u00f3lo pudieron acudir una treintena de personas, (las m\u00e1s cercanas), para dar cumplimiento a las medidas sanitarias.<\/p>\n\n\n\n<p>\u201cMi amigo era muy querido, la Catedral hubiera estado abarrotada, pero esta pandemia nos vino a cambiar todo, hasta la forma de morir, la forma de los velorios y los sepulcros\u201d.<\/p>\n\n\n\n<p>El p\u00e1rroco Germ\u00e1n Llamas durante la inusual homil\u00eda pidi\u00f3 por el eterno descanso de la persona que fue despedida en medio del dolor de sus familiares y aprovech\u00f3 para pedir porque la situaci\u00f3n mundial de salud se resuelva lo antes posible. Aprovech\u00f3 para pedir por la fortaleza de todos los trabajadores de la salud y para que los gobiernos tomen las mejores decisiones para que el pa\u00eds recupere la tranquilidad y la econom\u00eda.<\/p>\n","protected":false},"excerpt":{"rendered":"<p>A su amigo y ex compa\u00f1ero no lo pudieron despedir como se lo merec\u00eda, esto debido a las medidas sanitarias por covid-19<\/p>\n","protected":false},"author":71,"featured_media":0,"comment_status":"closed","ping_status":"open","sticky":false,"template":"","format":"standard","meta":{"footnotes":""},"categories":[40],"tags":[],"class_list":["post-105957","post","type-post","status-publish","format-standard","hentry","category-region"],"_links":{"self":[{"href":"https:\/\/plazajuarez.mx\/historico\/wp-json\/wp\/v2\/posts\/105957","targetHints":{"allow":["GET"]}}],"collection":[{"href":"https:\/\/plazajuarez.mx\/historico\/wp-json\/wp\/v2\/posts"}],"about":[{"href":"https:\/\/plazajuarez.mx\/historico\/wp-json\/wp\/v2\/types\/post"}],"author":[{"embeddable":true,"href":"https:\/\/plazajuarez.mx\/historico\/wp-json\/wp\/v2\/users\/71"}],"replies":[{"embeddable":true,"href":"https:\/\/plazajuarez.mx\/historico\/wp-json\/wp\/v2\/comments?post=105957"}],"version-history":[{"count":0,"href":"https:\/\/plazajuarez.mx\/historico\/wp-json\/wp\/v2\/posts\/105957\/revisions"}],"wp:attachment":[{"href":"https:\/\/plazajuarez.mx\/historico\/wp-json\/wp\/v2\/media?parent=105957"}],"wp:term":[{"taxonomy":"category","embeddable":true,"href":"https:\/\/plazajuarez.mx\/historico\/wp-json\/wp\/v2\/categories?post=105957"},{"taxonomy":"post_tag","embeddable":true,"href":"https:\/\/plazajuarez.mx\/historico\/wp-json\/wp\/v2\/tags?post=105957"}],"curies":[{"name":"wp","href":"https:\/\/api.w.org\/{rel}","templated":true}]}}