{"id":105873,"date":"2020-04-22T20:55:01","date_gmt":"2020-04-22T20:55:01","guid":{"rendered":"https:\/\/plazajuarez.mx\/?p=105873"},"modified":"2020-04-22T20:55:10","modified_gmt":"2020-04-22T20:55:10","slug":"ley-seca-xochimilco","status":"publish","type":"post","link":"https:\/\/plazajuarez.mx\/historico\/ley-seca-xochimilco\/","title":{"rendered":"Xochimilco declara Ley Seca ante Covid-19"},"content":{"rendered":"\n<p><strong>La medida entrar\u00e1 en vigor este fin de semana en todos los establecimientos de la demarcaci\u00f3n.<\/strong><\/p>\n\n\n\n<!--more-->\n\n\n\n<p>El alcalde de Xochimilco, Jos\u00e9 Carlos Acosta, anunci\u00f3 que aplicar\u00e1 ley seca y se suspender\u00e1n las fiestas religiosas en la demarcaci\u00f3n para evitar aglomeraciones y as\u00ed reducir el riesgo de contagios masivos por la emergencia sanitaria por el coronavirus.<\/p>\n\n\n\n<p>La medida entrar\u00e1 en vigor este fin de semana en todos los establecimientos de la demarcaci\u00f3n, sin importar si cuentan con permiso para la venta de alcohol.<\/p>\n\n\n\n<p>&#8220;El objetivo es inhibir el desarrollo de fiestas, eventos, reuniones o cualquier tipo de convivencia que propicie aglomeraciones&#8221;, indic\u00f3.<\/p>\n\n\n\n<p>Tambi\u00e9n se har\u00e1 la reubicaci\u00f3n de las rutas de transporte colectivo que corren del Centro de Xochimilco hacia los pueblos de la zona oriente y de la monta\u00f1a.<\/p>\n\n\n\n<p>&#8220;Los veh\u00edculos saldr\u00e1n exclusivamente del paradero Francisco Goitia ubicado a un costado de la estaci\u00f3n del tren ligero del mismo nombre (Calle Las Rosas esquina Prol. Divisi\u00f3n del Norte). Queda prohibido el ingreso de veh\u00edculos de estas rutas al Centro Hist\u00f3rico de Xochimilco, a fin de evitar aglomeraciones en el primer cuadro&#8221;.<\/p>\n\n\n\n<p>En ese sentido la venta de productos de la canasta b\u00e1sica, en tiendas de abarrotes y establecimientos, continuar\u00e1 realiz\u00e1ndose con normalidad, bajo las medidas de higiene necesarias, al igual que los mercados p\u00fablicos seguir\u00e1n operando como lo han venido haciendo, con lo que se garantiza el abasto de alimentos y productos de primera necesidad.<\/p>\n\n\n\n<p>El edil anunci\u00f3 la suspensi\u00f3n de celebraciones, fiestas y cultos de car\u00e1cter religioso, enfatiz\u00f3 que se ha trabajado de manera coordinada con los patronatos, mayordomos y encargados de la organizaci\u00f3n de fiestas patronales para llegar a acuerdos que permitan salvaguardar la integridad de los habitantes, toda vez que Xochimilco es un territorio con profundo arraigo religioso y de car\u00e1cter festivo.<\/p>\n\n\n\n<p>Detall\u00f3 que no hay autorizaci\u00f3n por parte del gobierno de la alcald\u00eda Xochimilco para ninguna celebraci\u00f3n en plazuelas, templos, explanadas o cualquier lugar p\u00fablico o privado y en el caso espec\u00edfico de las misas cat\u00f3licas, la Di\u00f3cesis de Xochimilco inform\u00f3 que se seguir\u00e1n transmitiendo todos los domingos a trav\u00e9s de sus <a href=\"https:\/\/www.facebook.com\/XochimilcoAlcaldiaOficial\/\">redes sociales.<\/a><\/p>\n","protected":false},"excerpt":{"rendered":"<p>La medida entrar\u00e1 en vigor este fin de semana en todos los establecimientos de la demarcaci\u00f3n.<\/p>\n","protected":false},"author":81,"featured_media":0,"comment_status":"closed","ping_status":"open","sticky":false,"template":"","format":"standard","meta":{"footnotes":""},"categories":[36],"tags":[],"class_list":["post-105873","post","type-post","status-publish","format-standard","hentry","category-nacion"],"_links":{"self":[{"href":"https:\/\/plazajuarez.mx\/historico\/wp-json\/wp\/v2\/posts\/105873","targetHints":{"allow":["GET"]}}],"collection":[{"href":"https:\/\/plazajuarez.mx\/historico\/wp-json\/wp\/v2\/posts"}],"about":[{"href":"https:\/\/plazajuarez.mx\/historico\/wp-json\/wp\/v2\/types\/post"}],"author":[{"embeddable":true,"href":"https:\/\/plazajuarez.mx\/historico\/wp-json\/wp\/v2\/users\/81"}],"replies":[{"embeddable":true,"href":"https:\/\/plazajuarez.mx\/historico\/wp-json\/wp\/v2\/comments?post=105873"}],"version-history":[{"count":0,"href":"https:\/\/plazajuarez.mx\/historico\/wp-json\/wp\/v2\/posts\/105873\/revisions"}],"wp:attachment":[{"href":"https:\/\/plazajuarez.mx\/historico\/wp-json\/wp\/v2\/media?parent=105873"}],"wp:term":[{"taxonomy":"category","embeddable":true,"href":"https:\/\/plazajuarez.mx\/historico\/wp-json\/wp\/v2\/categories?post=105873"},{"taxonomy":"post_tag","embeddable":true,"href":"https:\/\/plazajuarez.mx\/historico\/wp-json\/wp\/v2\/tags?post=105873"}],"curies":[{"name":"wp","href":"https:\/\/api.w.org\/{rel}","templated":true}]}}