{"id":105770,"date":"2020-04-22T05:00:00","date_gmt":"2020-04-22T05:00:00","guid":{"rendered":"https:\/\/plazajuarez.mx\/?p=105770"},"modified":"2020-04-22T02:45:05","modified_gmt":"2020-04-22T02:45:05","slug":"a-proceso-un-hombre-por-feminicidio-de-su-pareja","status":"publish","type":"post","link":"https:\/\/plazajuarez.mx\/historico\/a-proceso-un-hombre-por-feminicidio-de-su-pareja\/","title":{"rendered":"A proceso, un hombre, por feminicidio de su pareja"},"content":{"rendered":"\n<p><strong>Juez concedi\u00f3 un plazo de cuatro meses para la investigaci\u00f3n complementaria<\/strong><\/p>\n\n\n\n<!--more-->\n\n\n\n<p>Fiscal\u00eda Especializada para Atenci\u00f3n de Delitos de G\u00e9nero de la Procuradur\u00eda General del estado de Hidalgo obtuvo de la autoridad judicial, auto de vinculaci\u00f3n a proceso de un hombre por feminicidio.<\/p>\n\n\n\n<p>Los hechos por los que el imputado fue vinculado a proceso, ocurrieron el 22 de marzo, fecha en que un masculino identificado como Carlos \u201cN\u201d fue asegurado por la polic\u00eda municipal luego que presuntamente atac\u00f3 y lesion\u00f3 a su pareja sentimental, quien requiri\u00f3 atenci\u00f3n m\u00e9dica en un hospital, donde falleci\u00f3.<\/p>\n\n\n\n<p>Debido a lo ocurrido, el Ministerio P\u00fablico inici\u00f3 la carpeta de investigaci\u00f3n y las indagatorias transcurren bajo el protocolo de feminicidio.<\/p>\n\n\n\n<p>Despu\u00e9s de que el Ministerio P\u00fablico asignado a la investigaci\u00f3n imputara los hechos a Carlos \u201cN\u201d, la autoridad judicial dict\u00f3 auto de vinculaci\u00f3n a proceso por feminicidio.<\/p>\n\n\n\n<p>De la misma forma el juez concedi\u00f3 plazo de cuatro meses para investigaci\u00f3n complementaria e impuso como medida cautelar prisi\u00f3n preventiva, por lo que el que probable permanece privado de su libertad.<\/p>\n","protected":false},"excerpt":{"rendered":"<p>Juez concedi\u00f3 un plazo de cuatro meses para la investigaci\u00f3n complementaria<\/p>\n","protected":false},"author":93,"featured_media":0,"comment_status":"closed","ping_status":"open","sticky":false,"template":"","format":"standard","meta":{"footnotes":""},"categories":[37],"tags":[],"class_list":["post-105770","post","type-post","status-publish","format-standard","hentry","category-barandilla"],"_links":{"self":[{"href":"https:\/\/plazajuarez.mx\/historico\/wp-json\/wp\/v2\/posts\/105770","targetHints":{"allow":["GET"]}}],"collection":[{"href":"https:\/\/plazajuarez.mx\/historico\/wp-json\/wp\/v2\/posts"}],"about":[{"href":"https:\/\/plazajuarez.mx\/historico\/wp-json\/wp\/v2\/types\/post"}],"author":[{"embeddable":true,"href":"https:\/\/plazajuarez.mx\/historico\/wp-json\/wp\/v2\/users\/93"}],"replies":[{"embeddable":true,"href":"https:\/\/plazajuarez.mx\/historico\/wp-json\/wp\/v2\/comments?post=105770"}],"version-history":[{"count":0,"href":"https:\/\/plazajuarez.mx\/historico\/wp-json\/wp\/v2\/posts\/105770\/revisions"}],"wp:attachment":[{"href":"https:\/\/plazajuarez.mx\/historico\/wp-json\/wp\/v2\/media?parent=105770"}],"wp:term":[{"taxonomy":"category","embeddable":true,"href":"https:\/\/plazajuarez.mx\/historico\/wp-json\/wp\/v2\/categories?post=105770"},{"taxonomy":"post_tag","embeddable":true,"href":"https:\/\/plazajuarez.mx\/historico\/wp-json\/wp\/v2\/tags?post=105770"}],"curies":[{"name":"wp","href":"https:\/\/api.w.org\/{rel}","templated":true}]}}