{"id":105629,"date":"2020-04-21T04:48:17","date_gmt":"2020-04-21T04:48:17","guid":{"rendered":"https:\/\/plazajuarez.mx\/?p=105629"},"modified":"2020-04-21T04:48:23","modified_gmt":"2020-04-21T04:48:23","slug":"clausuran-bar-incumplia-normas-de-salud","status":"publish","type":"post","link":"https:\/\/plazajuarez.mx\/historico\/clausuran-bar-incumplia-normas-de-salud\/","title":{"rendered":"Clausuran bar, incumpl\u00eda normas de salud"},"content":{"rendered":"\n<p>En la comunidad Pueblo Nuevo\u00a0<\/p>\n\n\n\n<p>\u2022 Igualmente, con restricciones, se retiraron los sellos de clausura que hab\u00edan colocado en la tienda FAMSA\u2028<\/p>\n\n\n\n<p>Reiteran el exhorto a comerciantes a cumplir con normas sanitarias y con ello contribuir al cuidado de la salud de la poblaci\u00f3n<\/p>\n\n\n\n<p>Tula de Allende\u00a0<\/p>\n\n\n\n<!--more-->\n\n\n\n<p>Por incumplimiento en las normativas de salud, el fin de semana la Direcci\u00f3n de Reglamentos y Espect\u00e1culos de Tula, clausur\u00f3 un bar en la comunidad de Pueblo Nuevo.&nbsp;<\/p>\n\n\n\n<p>La colocaci\u00f3n de los sellos de clausura al bar se debi\u00f3 al incumplimiento en las disposiciones sanitarias, mismas que previamente se le hab\u00edan hecho saber a todos los comercios ya que fueron notificados por la Direcci\u00f3n de Reglamentos y Espect\u00e1culos referentes a la emergencia sanitaria y con ello evitar la propagaci\u00f3n de la Covid-19.<\/p>\n\n\n\n<p>En el caso de la tienda FAMSA, se precis\u00f3 que con el compromiso de observar las medidas de salud, emitidas por la autoridades competente y s\u00f3lo dar servicio \u00fanicamente en el \u00e1rea de banco, as\u00ed como el permitir s\u00f3lo el acceso de una persona adulta al interior, el \u00e1rea de Reglamentos, Espect\u00e1culos y Comercio de Tula, retir\u00f3 los sellos de clausura en la tienda departamental, ubicada al interior de la Plaza Bulevar en la colonia El Salitre.<\/p>\n\n\n\n<p>La tienda departamental fue clausurada el pasado viernes por hallarse en su interior a familias con menores de edad.<\/p>\n\n\n\n<p>Juan Manuel Mart\u00ednez, titular del \u00e1rea, dijo que tras una pl\u00e1tica conciliatoria con el gerente de la tienda, el ejecutivo accedi\u00f3 a continuar bajo los lineamientos marcados en esta emergencia sanitaria.<\/p>\n\n\n\n<p>Por \u00faltimo el funcionario municipal sobre las clausuras de los dos establecimientos dijo que el \u00e1rea a su cargo, mantiene un operativo permanente en establecimientos comerciales y centros de abasto del municipio para que los comercios observen los lineamientos marcados.&nbsp;<\/p>\n","protected":false},"excerpt":{"rendered":"<p>En la comunidad Pueblo Nuevo\u00a0 \u2022 Igualmente, con restricciones, se retiraron los sellos de clausura que hab\u00edan colocado en la tienda FAMSA\u2028 Reiteran el exhorto a comerciantes a cumplir con normas sanitarias y con ello contribuir al cuidado de la salud de la poblaci\u00f3n Tula de Allende\u00a0<\/p>\n","protected":false},"author":71,"featured_media":0,"comment_status":"closed","ping_status":"open","sticky":false,"template":"","format":"standard","meta":{"footnotes":""},"categories":[15,40],"tags":[],"class_list":["post-105629","post","type-post","status-publish","format-standard","hentry","category-destacadas","category-region"],"_links":{"self":[{"href":"https:\/\/plazajuarez.mx\/historico\/wp-json\/wp\/v2\/posts\/105629","targetHints":{"allow":["GET"]}}],"collection":[{"href":"https:\/\/plazajuarez.mx\/historico\/wp-json\/wp\/v2\/posts"}],"about":[{"href":"https:\/\/plazajuarez.mx\/historico\/wp-json\/wp\/v2\/types\/post"}],"author":[{"embeddable":true,"href":"https:\/\/plazajuarez.mx\/historico\/wp-json\/wp\/v2\/users\/71"}],"replies":[{"embeddable":true,"href":"https:\/\/plazajuarez.mx\/historico\/wp-json\/wp\/v2\/comments?post=105629"}],"version-history":[{"count":0,"href":"https:\/\/plazajuarez.mx\/historico\/wp-json\/wp\/v2\/posts\/105629\/revisions"}],"wp:attachment":[{"href":"https:\/\/plazajuarez.mx\/historico\/wp-json\/wp\/v2\/media?parent=105629"}],"wp:term":[{"taxonomy":"category","embeddable":true,"href":"https:\/\/plazajuarez.mx\/historico\/wp-json\/wp\/v2\/categories?post=105629"},{"taxonomy":"post_tag","embeddable":true,"href":"https:\/\/plazajuarez.mx\/historico\/wp-json\/wp\/v2\/tags?post=105629"}],"curies":[{"name":"wp","href":"https:\/\/api.w.org\/{rel}","templated":true}]}}