{"id":105626,"date":"2020-04-21T04:54:04","date_gmt":"2020-04-21T04:54:04","guid":{"rendered":"https:\/\/plazajuarez.mx\/?p=105626"},"modified":"2020-04-22T14:29:57","modified_gmt":"2020-04-22T14:29:57","slug":"listos-para-fase-tres-de-contingencia-salud","status":"publish","type":"post","link":"https:\/\/plazajuarez.mx\/historico\/listos-para-fase-tres-de-contingencia-salud\/","title":{"rendered":"Listos para fase tres de contingencia: Salud"},"content":{"rendered":"\n<p>En Hidalgo <\/p>\n\n\n\n<p>\u2022 M\u00e1s de 250 camas para enfermos, 93 ventiladores, y alrededor de 100 doctores podr\u00edan hacer frente a la fase m\u00e1s severa de la pandemia por Covid -19<\/p>\n\n\n\n<!--more-->\n\n\n\n<p>El titular de la Secretar\u00eda de Salud en Hidalgo, Alejandro Efra\u00edn Ben\u00edtez Herrera, inform\u00f3 que ante la posible entrada a fase tres de la contingencia sanitaria provocada por la enfermedad Covid-19, el estado de Hidalgo podr\u00e1 contar con 256 camas para pacientes que han contra\u00eddo la enfermedad y que requieran hospitalizaci\u00f3n, aunque estim\u00f3 que alrededor del 85 por ciento de los contagiados podr\u00e1n manejarse en sus casas.\u00a0<\/p>\n\n\n\n<p><br>En entrevista para el programa \u201cAl Aire\u201d de Radio y Televisi\u00f3n de Hidalgo, el funcionario estatal, destac\u00f3 que aunque no se pueden adelantar a los panoramas que genera la enfermedad cada d\u00eda, en Hidalgo se han tomado las medidas preventivas para hacer frente a los posibles escenarios, apunt\u00f3 que para que la entidad entrara a una fase\u00a0 tres se tendr\u00edan que contemplar algunos factores entre los que destac\u00f3 el contagio masivo o comunitario de personas y se tenga un descontrol de los brotes.\u00a0<\/p>\n\n\n\n<p><br>En tanto, destac\u00f3 que el crecimiento de casos contagiados en Hidalgo ha incrementado paulatinamente y al no dispararse las cifras no se puede hablar a\u00fan de una fase tres, sin embargo, destac\u00f3 que con la reconversi\u00f3n de algunos hospitales, la entidad contar\u00e1 con 256 camas de hospital, sin contar los de \u00edndole federal, 93 ventiladores para ofrecer la respiraci\u00f3n mec\u00e1nica a los pacientes que presenten los casos m\u00e1s graves.<\/p>\n\n\n\n<p><br>De igual forma apunt\u00f3 que se cuenta con el apoyo y respaldo de: 193 enfermeras, 45 especialistas, 58 generales, 45 camilleros y 85 recursos humanos adicionales, y destac\u00f3 que de acuerdo con las estad\u00edsticas, s\u00f3lo un 15 por ciento de los contagiados requiere de atenci\u00f3n hospitalaria, y que de estos s\u00f3lo el cuatro por ciento podr\u00edan complicarse e ir a terapia intensiva.\u00a0<br>Finalmente apunt\u00f3 que con\u00a0 la implementaci\u00f3n del Plan DN III, el ej\u00e9rcito mexicano, tom\u00f3 las cuatro unidades m\u00e9dicas que estaban por estrenarse en la entidad: Metztitl\u00e1n, Zimap\u00e1n, el maternal de Pachuca y el de Huichapan.\u00a0<br>Cabe destacar que los hospitales que tuvieron reconversi\u00f3n para atender pacientes con covid-19, fueron los regionales de: Pachuca, Tulancingo, Tula, Valle del Mezquital, Huasteca y Altiplano. A estos se suman los federales: ISSSTE, IMSS, el de Pemex y el de la Cruz Azul.<\/p>\n","protected":false},"excerpt":{"rendered":"<p>En Hidalgo \u2022 M\u00e1s de 250 camas para enfermos, 93 ventiladores, y alrededor de 100 doctores podr\u00edan hacer frente a la fase m\u00e1s severa de la pandemia por Covid -19<\/p>\n","protected":false},"author":93,"featured_media":0,"comment_status":"closed","ping_status":"open","sticky":false,"template":"","format":"standard","meta":{"footnotes":""},"categories":[59],"tags":[],"class_list":["post-105626","post","type-post","status-publish","format-standard","hentry","category-general"],"_links":{"self":[{"href":"https:\/\/plazajuarez.mx\/historico\/wp-json\/wp\/v2\/posts\/105626","targetHints":{"allow":["GET"]}}],"collection":[{"href":"https:\/\/plazajuarez.mx\/historico\/wp-json\/wp\/v2\/posts"}],"about":[{"href":"https:\/\/plazajuarez.mx\/historico\/wp-json\/wp\/v2\/types\/post"}],"author":[{"embeddable":true,"href":"https:\/\/plazajuarez.mx\/historico\/wp-json\/wp\/v2\/users\/93"}],"replies":[{"embeddable":true,"href":"https:\/\/plazajuarez.mx\/historico\/wp-json\/wp\/v2\/comments?post=105626"}],"version-history":[{"count":0,"href":"https:\/\/plazajuarez.mx\/historico\/wp-json\/wp\/v2\/posts\/105626\/revisions"}],"wp:attachment":[{"href":"https:\/\/plazajuarez.mx\/historico\/wp-json\/wp\/v2\/media?parent=105626"}],"wp:term":[{"taxonomy":"category","embeddable":true,"href":"https:\/\/plazajuarez.mx\/historico\/wp-json\/wp\/v2\/categories?post=105626"},{"taxonomy":"post_tag","embeddable":true,"href":"https:\/\/plazajuarez.mx\/historico\/wp-json\/wp\/v2\/tags?post=105626"}],"curies":[{"name":"wp","href":"https:\/\/api.w.org\/{rel}","templated":true}]}}