{"id":105624,"date":"2020-04-21T04:50:50","date_gmt":"2020-04-21T04:50:50","guid":{"rendered":"https:\/\/plazajuarez.mx\/?p=105624"},"modified":"2020-04-21T04:50:55","modified_gmt":"2020-04-21T04:50:55","slug":"propone-fayad-ley-de-amnistia","status":"publish","type":"post","link":"https:\/\/plazajuarez.mx\/historico\/propone-fayad-ley-de-amnistia\/","title":{"rendered":"Propone Fayad Ley de Amnist\u00eda"},"content":{"rendered":"\n<p>ANTE EL CONGRESO ESTATAL \u00a0 <br>\u2022 Se conceder\u00e1 por los delitos de aborto, robo simple y sin violencia y posesi\u00f3n de drogas en menor cantidad, entre otros<\/p>\n\n\n\n<!--more-->\n\n\n\n<p>El gobernador Omar Fayad envi\u00f3 una iniciativa de Ley de Amnist\u00eda al Congreso del Estado de Hidalgo, el pasado viernes, dicho proyecto de ley beneficiar\u00e1 a quienes hayan cometido los delitos de aborto, delitos contra la salud, en donde las autoridades del fuero com\u00fan tengan competencia en t\u00e9rminos del art\u00edculo 474 de la Ley General de Salud; delitos cometidos por personas pertenecientes a pueblos y comunidades ind\u00edgenas que durante su proceso no hayan tenido int\u00e9rpretes o defensores en su propia lengua.<\/p>\n\n\n\n<p>Tambi\u00e9n favorecer\u00e1 a infractores por el delito de robo simple y sin violencia, siempre y cuando la pena sea menor a cuatro a\u00f1os y por sedici\u00f3n o porque haya instigado a la comisi\u00f3n de otros delitos de robo sin que se haya cometido secuestro u homicidio, como tampoco lesiones graves por el uso de armas de fuego.<\/p>\n\n\n\n<p>Quienes se encuentren pr\u00f3fugos de la justicia por los delitos antes se\u00f1alados, podr\u00e1n beneficiarse de la amnist\u00eda mediante solicitud correspondiente.<\/p>\n\n\n\n<p>Esta amnist\u00eda no se otorgar\u00e1 ni a reincidentes ni a aquellos que hayan cometido delitos graves, seg\u00fan lo define el art\u00edculo 19 de la Constituci\u00f3n.<br>\u201cEsta propuesta va en la misma l\u00ednea de la del presidente de la Rep\u00fablica, Andr\u00e9s Manuel L\u00f3pez Obrador\uff0cen el sentido de corregir la injusticia contra los grupos vulnerables, lo que ha provocado que mujeres, j\u00f3venes e ind\u00edgenas est\u00e9n en prisi\u00f3n por delitos menores, ya sea del \u00e1mbito federal o local. Al mismo tiempo esta propuesta busca descongestionar nuestras prisiones, considerando la emergencia que estamos viviendo por el coronavirus\u201d, se\u00f1al\u00f3 el gobernador Fayad.<\/p>\n\n\n\n<p>El Ejecutivo del estado constituir\u00e1 una comisi\u00f3n que coordinar\u00e1 los trabajos con el objeto de facilitar y vigilar la aplicaci\u00f3n de la Ley de Amnist\u00eda.<\/p>\n","protected":false},"excerpt":{"rendered":"<p>ANTE EL CONGRESO ESTATAL \u00a0 \u2022 Se conceder\u00e1 por los delitos de aborto, robo simple y sin violencia y posesi\u00f3n de drogas en menor cantidad, entre otros<\/p>\n","protected":false},"author":93,"featured_media":0,"comment_status":"closed","ping_status":"open","sticky":false,"template":"","format":"standard","meta":{"footnotes":""},"categories":[59],"tags":[],"class_list":["post-105624","post","type-post","status-publish","format-standard","hentry","category-general"],"_links":{"self":[{"href":"https:\/\/plazajuarez.mx\/historico\/wp-json\/wp\/v2\/posts\/105624","targetHints":{"allow":["GET"]}}],"collection":[{"href":"https:\/\/plazajuarez.mx\/historico\/wp-json\/wp\/v2\/posts"}],"about":[{"href":"https:\/\/plazajuarez.mx\/historico\/wp-json\/wp\/v2\/types\/post"}],"author":[{"embeddable":true,"href":"https:\/\/plazajuarez.mx\/historico\/wp-json\/wp\/v2\/users\/93"}],"replies":[{"embeddable":true,"href":"https:\/\/plazajuarez.mx\/historico\/wp-json\/wp\/v2\/comments?post=105624"}],"version-history":[{"count":0,"href":"https:\/\/plazajuarez.mx\/historico\/wp-json\/wp\/v2\/posts\/105624\/revisions"}],"wp:attachment":[{"href":"https:\/\/plazajuarez.mx\/historico\/wp-json\/wp\/v2\/media?parent=105624"}],"wp:term":[{"taxonomy":"category","embeddable":true,"href":"https:\/\/plazajuarez.mx\/historico\/wp-json\/wp\/v2\/categories?post=105624"},{"taxonomy":"post_tag","embeddable":true,"href":"https:\/\/plazajuarez.mx\/historico\/wp-json\/wp\/v2\/tags?post=105624"}],"curies":[{"name":"wp","href":"https:\/\/api.w.org\/{rel}","templated":true}]}}