{"id":10555,"date":"2015-09-09T12:18:57","date_gmt":"2015-09-09T12:18:57","guid":{"rendered":"http:\/\/plazajuarez.mx\/index\/index.php\/2015\/09\/09\/dallas-acoge-la-exposicion-mas-ambiciosa-sobre-la-casa-de-alba\/"},"modified":"2015-09-09T12:18:57","modified_gmt":"2015-09-09T12:18:57","slug":"dallas-acoge-la-exposicion-mas-ambiciosa-sobre-la-casa-de-alba","status":"publish","type":"post","link":"https:\/\/plazajuarez.mx\/historico\/dallas-acoge-la-exposicion-mas-ambiciosa-sobre-la-casa-de-alba\/","title":{"rendered":"Dallas acoge la exposici\u00f3n m\u00e1s ambiciosa sobre la Casa de Alba"},"content":{"rendered":"<p>La muestra contar\u00e1 tambi\u00e9n con obras procedentes de otros museos que en su d\u00eda pertenecieron a esta colecci\u00f3n<\/p>\n<p>  <!--more-->  <\/p>\n<p>\u00a0<\/p>\n<p>Seis siglos de historia condensados en una sola exposici\u00f3n. As\u00ed podr\u00eda resumirse la ambiciosa muestra sobre la colecci\u00f3n art\u00edstica de la Casa de Alba que abre sus puertas esta semana en el Museo Meadows de Dallas y que, a diferencia de la que pudo verse en Madrid, est\u00e1 comisariada por Fernando Checa, antiguo director del Museo del Prado, y contiene tambi\u00e9n obras que en su d\u00eda pertenecieron a la Casa de Alba y que ahora pertenecen a colecciones particulares o a museos de todo el mundo.<\/p>\n<p>Y es que esta exposici\u00f3n, primera de la Casa de Alba fuera de Espa\u00f1a, contiene obras maestras como \u00abEl retrato Del Duque de Alba y Marqu\u00e9s de Villafranca\u00bb (1795), de Francisco de Goya (perteneciente a una colecci\u00f3n privada y en dep\u00f3sito en el Art Institute de Chicago), \u00abLa adoraci\u00f3n en el nombre de Jes\u00fas\u00bb (1570), de El Greco (colecci\u00f3n National Gallery de Londres) o \u00abRetrato de un caballero de Santiago\u00bb (1635), de Jos\u00e9 de Ribera y perteneciente a la colecci\u00f3n del propio museo Meadows.<\/p>\n<p>Estas y otras obras podr\u00e1n contemplarse junto a las que actualmente pertenecen a la Colecci\u00f3n de la Casa de Alba, y que responden a casi seis siglos de coleccionismo llevado a cabo por los 18 duques que precedieron a Carlos Juan Fitz-James Stuart Mart\u00ednez de Irujo, actual Duque de Alba, tras el fallecimiento de su madre, Cayetana, quien inici\u00f3 las negociaciones para que esta muestra fuera posible.<\/p>\n<p>La colecci\u00f3n de la Casa de Alba es fruto de la labor coleccionista de toda una familia, pero algunos titulares de esta casa mostraron una predilecci\u00f3n mayor por el coleccionismo de arte. En esa l\u00ednea, Fernando \u00c1lvarez de Toledo (1531 &#8211; 1582), III Duque de Alba, fue uno de los primeros en apostar por incrementar la colecci\u00f3n de arte y mantuvo una \u00edntima relaci\u00f3n profesional y personal con uno de los m\u00e1s grandes pintores de la \u00e9poca, Tiziano, quien lleg\u00f3 a retratarlo en dos ocasiones.<\/p>\n<p>Por su parte, Cayetana de Silva \u00c1lvarez de Toledo (1776 &#8211; 1802), XIII Duquesa de Alba, fue otra de las titulares de la Casa de Alba que tambi\u00e9n mantuvo una estrecha relaci\u00f3n con el que fuera el m\u00e1s reputado pintor de su \u00e9poca, Francisco de Goya. Esta exposici\u00f3n incluye algunos de los retratos que el pintor aragon\u00e9s realiz\u00f3 de la Duquesa, que podr\u00e1n verse, en esta ocasi\u00f3n tan especial, junto al que Goya tambi\u00e9n realiz\u00f3 del que fue su marido, el Marqu\u00e9s de Villafranca, y que ha prestado el Art Institute de Chicago.<\/p>\n<p>Todas esas obras maestras de la pintura podr\u00e1n verse en el Museo Meadows de Dallas hasta el 3 de enero de 2016, junto con otros documentos de gran valor hist\u00f3rico como son una de las primeras biblias traducidas del hebrero a una lengua romance, o una selecci\u00f3n de documentos manuscritos de Crist\u00f3bal Col\u00f3n como la lista con los marineros embarcados en el primer viaje hacia en Nuevo Mundo, emprendido en 1492. Y es que la Colecci\u00f3n de la Casa de Alba contiene no s\u00f3lo gran parte de la historia de Europa, sino tambi\u00e9n de Am\u00e9rica.<\/p>\n","protected":false},"excerpt":{"rendered":"<p>La muestra contar\u00e1 tambi\u00e9n con obras procedentes de otros museos que en su d\u00eda pertenecieron a esta colecci\u00f3n<\/p>\n","protected":false},"author":93,"featured_media":0,"comment_status":"open","ping_status":"open","sticky":false,"template":"","format":"standard","meta":{"footnotes":""},"categories":[41],"tags":[],"class_list":["post-10555","post","type-post","status-publish","format-standard","hentry","category-arteria-cultural"],"_links":{"self":[{"href":"https:\/\/plazajuarez.mx\/historico\/wp-json\/wp\/v2\/posts\/10555","targetHints":{"allow":["GET"]}}],"collection":[{"href":"https:\/\/plazajuarez.mx\/historico\/wp-json\/wp\/v2\/posts"}],"about":[{"href":"https:\/\/plazajuarez.mx\/historico\/wp-json\/wp\/v2\/types\/post"}],"author":[{"embeddable":true,"href":"https:\/\/plazajuarez.mx\/historico\/wp-json\/wp\/v2\/users\/93"}],"replies":[{"embeddable":true,"href":"https:\/\/plazajuarez.mx\/historico\/wp-json\/wp\/v2\/comments?post=10555"}],"version-history":[{"count":0,"href":"https:\/\/plazajuarez.mx\/historico\/wp-json\/wp\/v2\/posts\/10555\/revisions"}],"wp:attachment":[{"href":"https:\/\/plazajuarez.mx\/historico\/wp-json\/wp\/v2\/media?parent=10555"}],"wp:term":[{"taxonomy":"category","embeddable":true,"href":"https:\/\/plazajuarez.mx\/historico\/wp-json\/wp\/v2\/categories?post=10555"},{"taxonomy":"post_tag","embeddable":true,"href":"https:\/\/plazajuarez.mx\/historico\/wp-json\/wp\/v2\/tags?post=10555"}],"curies":[{"name":"wp","href":"https:\/\/api.w.org\/{rel}","templated":true}]}}