{"id":105300,"date":"2020-04-20T06:00:00","date_gmt":"2020-04-20T06:00:00","guid":{"rendered":"https:\/\/plazajuarez.mx\/?p=105300"},"modified":"2020-04-20T04:20:48","modified_gmt":"2020-04-20T04:20:48","slug":"de-cuerpo-entero-8","status":"publish","type":"post","link":"https:\/\/plazajuarez.mx\/historico\/de-cuerpo-entero-8\/","title":{"rendered":"DE CUERPO ENTERO"},"content":{"rendered":"\n<p><strong>La pol\u00edtica en tiempos del coronavirus<\/strong><\/p>\n\n\n\n<!--more-->\n\n\n\n<p>La tragedia de una familia, de una comunidad y desde luego de un pa\u00eds se amaina cuando la figura del l\u00edder se yergue categ\u00f3rica; cuando despu\u00e9s de buscar consejos sabios sabe tomar decisiones definitivas y no da marcha atr\u00e1s, aunque esto significa sufrimiento de su familia, o de su comunidad.<\/p>\n\n\n\n<p>La pandemia de Covid-19 es una realidad, el capit\u00e1n de M\u00e9xico debe saber que su barco a\u00fan ahora navega en mares calmos, pero que a corta distancia -le ha dicho el vig\u00eda-, vendr\u00e1n las grandes olas y la tormenta ser\u00e1 infame. El capit\u00e1n ha escuchado rumores de que los marinos se quieren amotinar porque creen que lo mejor es regresar, y ya hay algunos que est\u00e1n haciendo grupos por separado. Como dijera Nicol\u00e1s Maquiavelo en el siglo XVI en su libro \u201cEl Pr\u00edncipe\u201d: \u201ces mucho mejor que te tengan miedo a que te amen\u201d; pero el l\u00edder ha titubeado y dejado que los rumores se hagan como bola de nieve que crece d\u00eda con d\u00eda.&nbsp;<\/p>\n\n\n\n<p>Algunos marineros, los de proa, es decir los del norte, ya han pensado en dividir el barco, aunque saben que es imposible; creen que con su visi\u00f3n de estado y habilidad con el sextante muy superior a la del capit\u00e1n lo har\u00edan mil veces mejor. Sin embargo, el jefe y due\u00f1o del barco tiene siempre otros datos, otra informaci\u00f3n y con su optimismo que irradia todos los d\u00edas, sabe que pronto todos los marineros volver\u00e1n a creer en \u00e9l, como al mism\u00edsimo Dios.<\/p>\n\n\n\n<p>El virus est\u00e1 ya entre nosotros, y si ahora son solo de 30 a 50 muertes por d\u00eda, vendr\u00e1 el momento en que ser\u00e1n diez veces m\u00e1s. Estamos pues, ante una crisis de muerte donde cada d\u00eda como si fuera una ruleta rusa levantamos la cabeza y la bala puede pegar certera; los m\u00e1s viejos caminan sobre una cuerda floja donde ahora como si fuera poco, tambi\u00e9n deben pensar en una gu\u00eda bio\u00e9tica que no sopla a su favor.<\/p>\n\n\n\n<p>Hoy es el d\u00eda cuando todos los mexicanos deber\u00edamos estar unidos mirando en una misma direcci\u00f3n, so\u00f1ando en que el sol de nuevo traiga salud, y la esperanza de que el miedo se acabe para siempre; pero si el l\u00edder se empe\u00f1a en descalificar a quien pretende cuestionar su \u201cvida p\u00fablica\u201d, y desde\u00f1a al que ose en no estar de acuerdo con su visi\u00f3n, genera m\u00e1s ansiedad y desasosiego. Los intereses pol\u00edticos corresponden a otro tiempo y a otra circunstancia, y solo el Presidente tiene el poder de imponer orden y lealtad.<\/p>\n\n\n\n<p>La invitaci\u00f3n a desobedecer las indicaciones que el subsecretario de salud hace todos los d\u00edas, por parte del periodista Javier Alatorre, creo fue inoportuna y oro molido para la corte de apoyadores del Presidente. Es evidente que Alatorre hac\u00eda \u00e9nfasis en que, de acuerdo a gobernadores del norte, la informaci\u00f3n es incompleta y desfasada en el tiempo, y que sus explicaciones muy acad\u00e9micas de todos las tardes-noches suelen ser muy acomodadas; sin embargo es evidente y real que desde el punto de vista m\u00e9dico son certeras y precisas. El Dr. L\u00f3pez Gatell al frente de su equipo de epidemi\u00f3logos, est\u00e1 conduciendo con certeza este momento \u00fanico y doloroso de nuestra vida.<\/p>\n\n\n\n<p>Los mexicanos somos muy generosos, pero tambi\u00e9n cuando alguien cae, como gambusinos que encuentran oro nos vamos todos sobre \u00e9l: el presidente de inmediato remarca su apoyo al Dr. Hugo, y con una condescendencia que emociona, habla de su amigo Javier Alatorre al que califica de persona buena, pero que se equivoc\u00f3. Horas m\u00e1s tarde es la Secretar\u00eda de Gobernaci\u00f3n la que en una carta oficial exhorta, amenaza y rega\u00f1a insinuando un castigo m\u00e1s fuerte.<\/p>\n\n\n\n<p>De esta forma todo est\u00e1 echado a la suerte, y el comunicador respetado y muy conocido tendr\u00e1 que renunciar, porque su jefe preferir\u00e1 deshacerse de \u00e9l a quedar opaco ante el Presidente.<\/p>\n\n\n\n<p>Cuando se mezcla pol\u00edtica con urgencia sanitara perdemos todos, y solo avivamos m\u00e1s los odios y la distancia, que por cierto no se trata de \u201cla sana distancia\u201d.<\/p>\n\n\n\n<p>Al capit\u00e1n del barco le quedan pocas cartas para hacerse del liderazgo, y aunque es una emergencia sanitaria, no debe quedar en manos del Hugo, como \u00e9l le dice con deferencia, sino en las manos de quien fue elegido por 30 millones de mexicanos.<\/p>\n\n\n\n<p>El barco se mueve con dificultad y a\u00fan no se ve que los marineros del norte sean obedientes, ni que sean tomados en cuenta por el capit\u00e1n.&nbsp;&nbsp;<\/p>\n","protected":false},"excerpt":{"rendered":"<p>La pol\u00edtica en tiempos del coronavirus<\/p>\n","protected":false},"author":91,"featured_media":0,"comment_status":"closed","ping_status":"open","sticky":false,"template":"","format":"standard","meta":{"footnotes":""},"categories":[82,42],"tags":[],"class_list":["post-105300","post","type-post","status-publish","format-standard","hentry","category-dr-antonio-peralta-sanchez","category-nuestrapalabra"],"_links":{"self":[{"href":"https:\/\/plazajuarez.mx\/historico\/wp-json\/wp\/v2\/posts\/105300","targetHints":{"allow":["GET"]}}],"collection":[{"href":"https:\/\/plazajuarez.mx\/historico\/wp-json\/wp\/v2\/posts"}],"about":[{"href":"https:\/\/plazajuarez.mx\/historico\/wp-json\/wp\/v2\/types\/post"}],"author":[{"embeddable":true,"href":"https:\/\/plazajuarez.mx\/historico\/wp-json\/wp\/v2\/users\/91"}],"replies":[{"embeddable":true,"href":"https:\/\/plazajuarez.mx\/historico\/wp-json\/wp\/v2\/comments?post=105300"}],"version-history":[{"count":0,"href":"https:\/\/plazajuarez.mx\/historico\/wp-json\/wp\/v2\/posts\/105300\/revisions"}],"wp:attachment":[{"href":"https:\/\/plazajuarez.mx\/historico\/wp-json\/wp\/v2\/media?parent=105300"}],"wp:term":[{"taxonomy":"category","embeddable":true,"href":"https:\/\/plazajuarez.mx\/historico\/wp-json\/wp\/v2\/categories?post=105300"},{"taxonomy":"post_tag","embeddable":true,"href":"https:\/\/plazajuarez.mx\/historico\/wp-json\/wp\/v2\/tags?post=105300"}],"curies":[{"name":"wp","href":"https:\/\/api.w.org\/{rel}","templated":true}]}}