{"id":105295,"date":"2020-04-20T06:00:00","date_gmt":"2020-04-20T06:00:00","guid":{"rendered":"https:\/\/plazajuarez.mx\/?p=105295"},"modified":"2020-04-20T04:16:29","modified_gmt":"2020-04-20T04:16:29","slug":"habra-mas-granizo-y-tormentas-electricas-en-hidalgo","status":"publish","type":"post","link":"https:\/\/plazajuarez.mx\/historico\/habra-mas-granizo-y-tormentas-electricas-en-hidalgo\/","title":{"rendered":"Habr\u00e1 m\u00e1s granizo y tormentas el\u00e9ctricas en Hidalgo"},"content":{"rendered":"\n<p><strong>No obstante, derivado de la interacci\u00f3n entre una l\u00ednea seca y un canal de baja presi\u00f3n persistir\u00e1n las altas temperaturas<\/strong><\/p>\n\n\n\n<!--more-->\n\n\n\n<p>De acuerdo con el Servicio Meteorol\u00f3gico Nacional (SMN), para esta semana se proyecta un sistema de alta presi\u00f3n, que aunado con una l\u00ednea seca proveniente del noreste provocar\u00e1 una onda de calor en la mayor\u00eda de los estados, incluido Hidalgo, mientras que un frente fr\u00edo que entrar\u00e1 por el noroeste de la Rep\u00fablica, propiciar\u00e1 lluvias con fuertes vientos, posibles granizadas y actividad el\u00e9ctrica.\u00a0<\/p>\n\n\n\n<p><strong>Zona Metropolitana de Pachuca: <\/strong>el pron\u00f3stico del clima para la regi\u00f3n conurbada hidalguense ser\u00e1 de una semana mayormente lluviosa en las tardes con actividad el\u00e9ctrica, dichas probabilidades son hasta del 60 por ciento; las temperaturas van entre los 10 y los 27 grados como m\u00e1ximo.&nbsp;<\/p>\n\n\n\n<p><strong>Valle de Tulancingo: <\/strong>caso similar presentar\u00e1 la regi\u00f3n oriente, en donde la mayor parte de esta semana se presentar\u00e1n lluvias vespertinas con un 80 por ciento de probabilidad, a excepci\u00f3n de este martes, donde habr\u00e1n lluvias aisladas, y el domingo con precipitaciones dispersas, mientras que las temperaturas oscilar\u00e1n entre los 11 y 28 grados.&nbsp;<\/p>\n\n\n\n<p><strong>Huasteca: <\/strong>este punto presentar\u00e1 una semana predominantemente seca, ya que albergar\u00e1 d\u00edas totalmente soleados este lunes, jueves y viernes, ambientes parcialmente nublados este martes y mi\u00e9rcoles, y lluvias ligeras a moderadas este fin de semana; las temperaturas m\u00ednimas ser\u00e1n de 20 grados y las m\u00e1ximas de 40.&nbsp;<\/p>\n\n\n\n<p><strong>Valle del Mezquital: <\/strong>para el occidente tambi\u00e9n se presentar\u00e1n bajas probabilidades de precipitaciones, donde habr\u00e1 d\u00edas nublados este mi\u00e9rcoles y jueves, ambientes soleados este lunes y jueves, y lluvias aisladas a dispersas vespertinas para este martes, s\u00e1bado y domingo; desde 14 grados ser\u00e1n las temperaturas bajas, y 33 las altas.&nbsp;<\/p>\n\n\n\n<p><strong>Llanos de Apan: <\/strong>finalmente, en este punto predominar\u00e1n los ambientes h\u00famedos, con probabilidades del 80 por ciento de lluvias vespertinas a lo largo de la semana, con temperaturas entre los 10 y 27 grados.&nbsp;<\/p>\n\n\n\n<p><\/p>\n","protected":false},"excerpt":{"rendered":"<p>No obstante, derivado de la interacci\u00f3n entre una l\u00ednea seca y un canal de baja presi\u00f3n persistir\u00e1n las altas temperaturas<\/p>\n","protected":false},"author":93,"featured_media":0,"comment_status":"closed","ping_status":"open","sticky":false,"template":"","format":"standard","meta":{"footnotes":""},"categories":[59],"tags":[],"class_list":["post-105295","post","type-post","status-publish","format-standard","hentry","category-general"],"_links":{"self":[{"href":"https:\/\/plazajuarez.mx\/historico\/wp-json\/wp\/v2\/posts\/105295","targetHints":{"allow":["GET"]}}],"collection":[{"href":"https:\/\/plazajuarez.mx\/historico\/wp-json\/wp\/v2\/posts"}],"about":[{"href":"https:\/\/plazajuarez.mx\/historico\/wp-json\/wp\/v2\/types\/post"}],"author":[{"embeddable":true,"href":"https:\/\/plazajuarez.mx\/historico\/wp-json\/wp\/v2\/users\/93"}],"replies":[{"embeddable":true,"href":"https:\/\/plazajuarez.mx\/historico\/wp-json\/wp\/v2\/comments?post=105295"}],"version-history":[{"count":0,"href":"https:\/\/plazajuarez.mx\/historico\/wp-json\/wp\/v2\/posts\/105295\/revisions"}],"wp:attachment":[{"href":"https:\/\/plazajuarez.mx\/historico\/wp-json\/wp\/v2\/media?parent=105295"}],"wp:term":[{"taxonomy":"category","embeddable":true,"href":"https:\/\/plazajuarez.mx\/historico\/wp-json\/wp\/v2\/categories?post=105295"},{"taxonomy":"post_tag","embeddable":true,"href":"https:\/\/plazajuarez.mx\/historico\/wp-json\/wp\/v2\/tags?post=105295"}],"curies":[{"name":"wp","href":"https:\/\/api.w.org\/{rel}","templated":true}]}}