{"id":105288,"date":"2020-04-20T06:00:00","date_gmt":"2020-04-20T06:00:00","guid":{"rendered":"https:\/\/plazajuarez.mx\/?p=105288"},"modified":"2020-04-20T04:12:11","modified_gmt":"2020-04-20T04:12:11","slug":"elecciones-seran-este-ano-mas-por-hidalgo","status":"publish","type":"post","link":"https:\/\/plazajuarez.mx\/historico\/elecciones-seran-este-ano-mas-por-hidalgo\/","title":{"rendered":"\u201cElecciones ser\u00e1n este a\u00f1o\u201d: M\u00e1s por Hidalgo"},"content":{"rendered":"\n<p><strong>Carlos V\u00e1zquez, consider\u00f3 que los comicios tienen la posibilidad de realizarse el 2 de agosto<br><\/strong><\/p>\n\n\n\n<!--more-->\n\n\n\n<p>Luego del aplazamiento del proceso electoral en Hidalgo para la renovaci\u00f3n de sus 84 municipios, derivado de la pandemia sanitaria ocasionada por el coronavirus Covid-19, el dirigente del partido M\u00e1s Por Hidalgo, Carlos V\u00e1zquez Res\u00e9ndiz, se\u00f1al\u00f3 que es poco probable que los comicios establecidos para este a\u00f1o, se posterguen para el 2021.&nbsp;&nbsp;<\/p>\n\n\n\n<p>V\u00e1zquez Res\u00e9ndiz, consider\u00f3 que de acuerdo con la din\u00e1mica electoral, los comicios tienen una posibilidad de que se realicen este a\u00f1o, siempre y cuando se cuide la salud del electorado y de la poblaci\u00f3n en general, as\u00ed como de los actores pol\u00edticos.&nbsp;&nbsp;<\/p>\n\n\n\n<p>\u201cEs muy probable que las elecciones pudieran realizarse para el 2 de agosto, pero todo depende de la curva de contagios por Covid-19 en M\u00e9xico; tambi\u00e9n debemos saber si es v\u00e1lido realizar las elecciones esta fecha\u201d, se\u00f1al\u00f3 el pol\u00edtico hidalguense.<\/p>\n\n\n\n<p>Reiter\u00f3 que para tener mayor claridad en la medici\u00f3n del alcance pol\u00edtico de su partido en el estado de Hidalgo, las elecciones se deber\u00edan realizar en este a\u00f1o, ya que de realizarse en 2021 se estar\u00edan llevando a cabo elecciones de manera muy cercana entre periodos, y eso dar\u00eda menor inexactitud al trabajo que han realizado dentro de M\u00e1s Por Hidalgo.&nbsp;&nbsp;<\/p>\n\n\n\n<p>As\u00ed mismo, se\u00f1al\u00f3 que su partido est\u00e1 a la espera de la decisi\u00f3n que tome la Comisi\u00f3n Nacional de Sana Distancia, que trabajar\u00e1 en conjunto con el Instituto Nacional Electoral (INE), para determinar si se pueden realizar las elecciones en Hidalgo en este 2020, as\u00ed como en Coahuila, otra entidad afectada por esta medida de suspender el proceso electoral.<\/p>\n\n\n\n<p>Por \u00faltimo, el dirigente estatal de M\u00e1s Por Hidalgo, se\u00f1al\u00f3 que esperan como partido que las decisiones que se est\u00e9n tomando est\u00e9n alineadas a datos duros, pues agreg\u00f3 que la llegada de la Fase 3 de la pandemia de coronavirus Covid-19, es inminente, y ser\u00eda irresponsable poner en riesgo la salud de la poblaci\u00f3n.<\/p>\n\n\n\n<p><\/p>\n\n\n\n<p><\/p>\n","protected":false},"excerpt":{"rendered":"<p>Carlos V\u00e1zquez, consider\u00f3 que los comicios tienen la posibilidad de realizarse el 2 de agosto<\/p>\n","protected":false},"author":93,"featured_media":0,"comment_status":"closed","ping_status":"open","sticky":false,"template":"","format":"standard","meta":{"footnotes":""},"categories":[59],"tags":[],"class_list":["post-105288","post","type-post","status-publish","format-standard","hentry","category-general"],"_links":{"self":[{"href":"https:\/\/plazajuarez.mx\/historico\/wp-json\/wp\/v2\/posts\/105288","targetHints":{"allow":["GET"]}}],"collection":[{"href":"https:\/\/plazajuarez.mx\/historico\/wp-json\/wp\/v2\/posts"}],"about":[{"href":"https:\/\/plazajuarez.mx\/historico\/wp-json\/wp\/v2\/types\/post"}],"author":[{"embeddable":true,"href":"https:\/\/plazajuarez.mx\/historico\/wp-json\/wp\/v2\/users\/93"}],"replies":[{"embeddable":true,"href":"https:\/\/plazajuarez.mx\/historico\/wp-json\/wp\/v2\/comments?post=105288"}],"version-history":[{"count":0,"href":"https:\/\/plazajuarez.mx\/historico\/wp-json\/wp\/v2\/posts\/105288\/revisions"}],"wp:attachment":[{"href":"https:\/\/plazajuarez.mx\/historico\/wp-json\/wp\/v2\/media?parent=105288"}],"wp:term":[{"taxonomy":"category","embeddable":true,"href":"https:\/\/plazajuarez.mx\/historico\/wp-json\/wp\/v2\/categories?post=105288"},{"taxonomy":"post_tag","embeddable":true,"href":"https:\/\/plazajuarez.mx\/historico\/wp-json\/wp\/v2\/tags?post=105288"}],"curies":[{"name":"wp","href":"https:\/\/api.w.org\/{rel}","templated":true}]}}