{"id":105051,"date":"2020-04-19T08:20:54","date_gmt":"2020-04-19T08:20:54","guid":{"rendered":"http:\/\/plazajuarez.mx\/?p=105051"},"modified":"2020-04-19T16:11:38","modified_gmt":"2020-04-19T16:11:38","slug":"adoptan-medidas-contra-el-covid-19","status":"publish","type":"post","link":"https:\/\/plazajuarez.mx\/historico\/adoptan-medidas-contra-el-covid-19\/","title":{"rendered":"Adoptan medidas contra el Covid-19"},"content":{"rendered":"\n<p><strong>Se aplicar\u00e1n acciones que impidan el tr\u00e1nsito masivo de personas\u00a0\u00a0<\/strong><\/p>\n\n\n\n<!--more-->\n\n\n\n<p>Asamblea municipal sesion\u00f3 para decidir las medidas que se tomar\u00e1n en torno al avance del Covid19 en el pa\u00eds, para lo cual, se decidi\u00f3 que ser\u00e1n aplicadas acciones que impidan el tr\u00e1nsito masivo de personas.&nbsp;<\/p>\n\n\n\n<p>Entre ellas est\u00e1 la suspensi\u00f3n de todas las actividades p\u00fablicas y privadas que impliquen congregaci\u00f3n de personas, inform\u00f3 el Ayuntamiento a trav\u00e9s de un documento.&nbsp;<\/p>\n\n\n\n<p>La administraci\u00f3n municipal, seguir\u00e1 funcionando, sin embargo, se van a reducir las actividades de atenci\u00f3n al p\u00fablico, lo que se har\u00e1 en coordinaci\u00f3n entre los diferentes titulares, para darle funcionalidad a la alcald\u00eda sin exponer al personal ni a los ciudadanos.&nbsp;<\/p>\n\n\n\n<p>Se ha exhortado a las delegaciones municipales y comisariados, implementar mecanismos de comunicaci\u00f3n entre la poblaci\u00f3n sin necesidad de contacto f\u00edsico, que se haga mediante la tecnolog\u00eda y medios de comunicaci\u00f3n alternativos.&nbsp;<\/p>\n\n\n\n<p>Cabe se\u00f1alar que, de acuerdo al gobierno de Hidalgo, este municipio de la regi\u00f3n del Mezquital, tiene un caso de contagio por Covid-19.<\/p>\n","protected":false},"excerpt":{"rendered":"<p>Se aplicar\u00e1n acciones que impidan el tr\u00e1nsito masivo de personas\u00a0\u00a0<\/p>\n","protected":false},"author":75,"featured_media":0,"comment_status":"open","ping_status":"open","sticky":false,"template":"","format":"standard","meta":{"footnotes":""},"categories":[40],"tags":[],"class_list":["post-105051","post","type-post","status-publish","format-standard","hentry","category-region"],"_links":{"self":[{"href":"https:\/\/plazajuarez.mx\/historico\/wp-json\/wp\/v2\/posts\/105051","targetHints":{"allow":["GET"]}}],"collection":[{"href":"https:\/\/plazajuarez.mx\/historico\/wp-json\/wp\/v2\/posts"}],"about":[{"href":"https:\/\/plazajuarez.mx\/historico\/wp-json\/wp\/v2\/types\/post"}],"author":[{"embeddable":true,"href":"https:\/\/plazajuarez.mx\/historico\/wp-json\/wp\/v2\/users\/75"}],"replies":[{"embeddable":true,"href":"https:\/\/plazajuarez.mx\/historico\/wp-json\/wp\/v2\/comments?post=105051"}],"version-history":[{"count":0,"href":"https:\/\/plazajuarez.mx\/historico\/wp-json\/wp\/v2\/posts\/105051\/revisions"}],"wp:attachment":[{"href":"https:\/\/plazajuarez.mx\/historico\/wp-json\/wp\/v2\/media?parent=105051"}],"wp:term":[{"taxonomy":"category","embeddable":true,"href":"https:\/\/plazajuarez.mx\/historico\/wp-json\/wp\/v2\/categories?post=105051"},{"taxonomy":"post_tag","embeddable":true,"href":"https:\/\/plazajuarez.mx\/historico\/wp-json\/wp\/v2\/tags?post=105051"}],"curies":[{"name":"wp","href":"https:\/\/api.w.org\/{rel}","templated":true}]}}