{"id":104999,"date":"2020-04-17T22:09:13","date_gmt":"2020-04-17T22:09:13","guid":{"rendered":"http:\/\/plazajuarez.mx\/index\/?p=104999"},"modified":"2020-04-17T22:09:18","modified_gmt":"2020-04-17T22:09:18","slug":"exigen-medidas-en-carceles-por-covid-19","status":"publish","type":"post","link":"https:\/\/plazajuarez.mx\/historico\/exigen-medidas-en-carceles-por-covid-19\/","title":{"rendered":"Exigen medidas en c\u00e1rceles por Covid-19"},"content":{"rendered":"\n<p><strong>El pasado 9 de abril, la CorteIDH emiti\u00f3 la declaraci\u00f3n 1\/20 sobre estos problemas y desaf\u00edos<\/strong><\/p>\n\n\n\n<!--more-->\n\n\n\n<p>La Corte Interamericana de Derechos Humanos (Corte IDH) inst\u00f3 a los estados, parte de la Convenci\u00f3n Americana sobre Derechos Humanos, buscar medidas alternativas a la c\u00e1rcel para reducir los niveles de poblaci\u00f3n y hacinamiento en los penales durante la pandemia por el coronavirus.<br>El pasado 9 de abril, la CorteIDH emiti\u00f3 la declaraci\u00f3n 1\/20 sobre los problemas y desaf\u00edos que deben ser abordados con perspectiva de derechos humanos y respetando las obligaciones internacionales durante la pandemia.<br>En el documento, el organismo internacional reconoci\u00f3 que el Covid-19 puede tener un alto impacto en personas privadas de la libertad en prisiones y otros centros de detenci\u00f3n, por lo que se debe garantizar a estas personas los derechos a la vida y a la salud.<br>&#8220;En estos momentos, especial \u00e9nfasis adquiere garantizar de manera oportuna y apropiada los derechos a la vida y a la salud de todas las personas bajo la jurisdicci\u00f3n del Estado sin discriminaci\u00f3n alguna, incluyendo a los adultos mayores, las personas migrantes, refugiadas y ap\u00e1tridas, y los miembros de las comunidades ind\u00edgenas&#8221;, se\u00f1al\u00f3.<br>&#8220;Dado el alto impacto que el Covid-19 pueda tener respecto a las personas privadas de libertad en las prisiones y otros centros de detenci\u00f3n y en atenci\u00f3n a la posici\u00f3n especial de garante del Estado, se torna necesario reducir los niveles de sobrepoblaci\u00f3n y hacinamiento, y disponer en forma racional y ordenada medidas alternativas a la privaci\u00f3n de la libertad&#8221;.<br>El documento incluye un pronunciamiento sobre la obligaci\u00f3n de los estados de proveer de insumos m\u00e9dicos y de protecci\u00f3n a los trabajadores del sector salud para que puedan desempe\u00f1ar su labor &#8220;en t\u00e9rminos razonables de seguridad y calidad&#8221;.<br>Asimismo, se destac\u00f3 que los estados est\u00e1n obligados a adoptar todas las acciones necesarias para prevenir casos de violencia de g\u00e9nero y sexual.<\/p>\n","protected":false},"excerpt":{"rendered":"<p>El pasado 9 de abril, la CorteIDH emiti\u00f3 la declaraci\u00f3n 1\/20 sobre estos problemas y desaf\u00edos<\/p>\n","protected":false},"author":81,"featured_media":0,"comment_status":"open","ping_status":"open","sticky":false,"template":"","format":"standard","meta":{"footnotes":""},"categories":[37],"tags":[],"class_list":["post-104999","post","type-post","status-publish","format-standard","hentry","category-barandilla"],"_links":{"self":[{"href":"https:\/\/plazajuarez.mx\/historico\/wp-json\/wp\/v2\/posts\/104999","targetHints":{"allow":["GET"]}}],"collection":[{"href":"https:\/\/plazajuarez.mx\/historico\/wp-json\/wp\/v2\/posts"}],"about":[{"href":"https:\/\/plazajuarez.mx\/historico\/wp-json\/wp\/v2\/types\/post"}],"author":[{"embeddable":true,"href":"https:\/\/plazajuarez.mx\/historico\/wp-json\/wp\/v2\/users\/81"}],"replies":[{"embeddable":true,"href":"https:\/\/plazajuarez.mx\/historico\/wp-json\/wp\/v2\/comments?post=104999"}],"version-history":[{"count":0,"href":"https:\/\/plazajuarez.mx\/historico\/wp-json\/wp\/v2\/posts\/104999\/revisions"}],"wp:attachment":[{"href":"https:\/\/plazajuarez.mx\/historico\/wp-json\/wp\/v2\/media?parent=104999"}],"wp:term":[{"taxonomy":"category","embeddable":true,"href":"https:\/\/plazajuarez.mx\/historico\/wp-json\/wp\/v2\/categories?post=104999"},{"taxonomy":"post_tag","embeddable":true,"href":"https:\/\/plazajuarez.mx\/historico\/wp-json\/wp\/v2\/tags?post=104999"}],"curies":[{"name":"wp","href":"https:\/\/api.w.org\/{rel}","templated":true}]}}