{"id":104997,"date":"2020-04-17T21:55:19","date_gmt":"2020-04-17T21:55:19","guid":{"rendered":"http:\/\/plazajuarez.mx\/index\/?p=104997"},"modified":"2020-04-17T21:55:27","modified_gmt":"2020-04-17T21:55:27","slug":"alfil-negro-1812","status":"publish","type":"post","link":"https:\/\/plazajuarez.mx\/historico\/alfil-negro-1812\/","title":{"rendered":"ALFIL NEGRO"},"content":{"rendered":"\n<p>\u00a0Por:\u00a0 Adalberto Peralta S.\u00a0<\/p>\n\n\n\n<p><strong>ESTOS D\u00cdAS &#8230;<\/strong><\/p>\n\n\n\n<!--more-->\n\n\n\n<p>Estos d\u00edas de dudas y miedos<br>Nos llevan a pensar<br>Que todo acaba,<br>Que al d\u00eda de luces<br>Colores y de vida<br>Le sigue sin que asombre<br>Larga noche,<br>Que el canto del gorri\u00f3n<br>No dura siempre,<br>Cometa luminoso<br>Que s\u00f3lo un rato dura,<br>Que todo lo que empieza<br>Un d\u00eda termina.<br>\u00a0<br>Que al calor sigue el fr\u00edo,<br>A la risa le sigue casi siempre<br>El llanto del dolor y la tristeza,<br>Que al verde vegetal<br>Del \u00e1rbol fuerte<br>Le sigue un cruel oto\u00f1o<br>Que lo acaba&#8230;<br>\u00a0<br>Estos d\u00edas de dudas y de miedos<br>Nos gritan sin descanso<br>Que somos peregrinos<br>En la vida,<br>Y que s\u00f3lo un instante<br>Es en que somos<br>Antes de irnos<br>En noche inevitable&#8230;<br>Pero no todo pasa,<br>Ni todo se termina,<br>Vivir es un milagro<br>M\u00e1s grande que los soles,<br>Nuestro barro es eterno,<br>Soplo de vida<br>Del due\u00f1o de los mares,<br>G\u00e9nesis y dise\u00f1o<br>De la Palabra Santa,<br>Que nos dio llanto y risa<br>Sendero y una agenda<br>Para hacer del camino<br>Tierra de siembra,<br>Zurco\u00a0 de vegetales<br>Con red de pescadores &#8230;<br>\u00a0<br>Y cuando cae la tarde<br>Con las sombras que vienen,<br>Hacer sumas y restas<br>De lo que es nuestra vida,<br>Para mirar con calma<br>Que este camino nuestro<br>Tiene cosecha y frutos<br>Que nos hace una parte<br>De todo el universo,<br>Que vivir es sumarnos<br>Al paso de mil r\u00edos<br>Al vuelo de la alondra<br>Y al sue\u00f1o de los peces,<br>Al colibr\u00ed que viene<br>Cada tarde a mirarme,<br>Y a la oraci\u00f3n que surge<br>Para cantar un gracias<br>Por los hijos que encierran<br>Ternura que conmueve<br>En sus penas y cantos,<br>Agradecer con llanto<br>El regalo de arriba<br>De la esposa amorosa<br>Presente en cada paso,<br>Estrella que ilumina,<br>Manos que con paciencia<br>Moldean nuestros caminos.<br>\u00a0<br>No todo se termina<br>Y estos d\u00edas<br>De dudas y de miedos<br>Nos dicen que la vida<br>Aunque corta, permite<br>Ver la luna,<br>Escuchar los gorriones,<br>La voz de nuestras calles,<br>El vaiv\u00e9n de las ramas,<br>La canci\u00f3n de la brisa,<br>Extra\u00f1ar a los padres<br>Que hace rato se fueron<br>Y sentir que el sendero<br>De nuestros d\u00edas y a\u00f1os<br>Es apenas inicio<br>De una promesa blanca,<br>De no pasar en\u00a0 balde<br>Sin dejar una herencia<br>De cosecha de estrellas,<br>De cometas y peces,<br>De luci\u00e9rnagas de oro<br>Y barquitos de sue\u00f1os,<br>Con la esperanza cierta<br>De que este sue\u00f1o siga<br>En los hijos y hermanos<br>Sin temores ni miedos,<br>Sabiendo que aunque siempre<br>Lo que empieza termina,<br>Los sue\u00f1os\u00a0 nunca acaban<br>Y que son el camino<br>Hacia el destino eterno.<br>\u00a0<br>Estos d\u00edas\u00a0 de dudas y de miedos<br>Nos recuerdan a gritos<br>Que aunque somos de barro,<br>Nuestro destino y pasos<br>No se miden por horas<br>Se miden\u00a0 por estrellas<br>Por \u00e1ngeles de fuego<br>Y arc\u00e1ngeles de plata &#8230;<\/p>\n","protected":false},"excerpt":{"rendered":"<p>\u00a0Por:\u00a0 Adalberto Peralta S.\u00a0 ESTOS D\u00cdAS &#8230;<\/p>\n","protected":false},"author":93,"featured_media":0,"comment_status":"open","ping_status":"open","sticky":false,"template":"","format":"standard","meta":{"footnotes":""},"categories":[48,42],"tags":[],"class_list":["post-104997","post","type-post","status-publish","format-standard","hentry","category-adalberto-peralta","category-nuestrapalabra"],"_links":{"self":[{"href":"https:\/\/plazajuarez.mx\/historico\/wp-json\/wp\/v2\/posts\/104997","targetHints":{"allow":["GET"]}}],"collection":[{"href":"https:\/\/plazajuarez.mx\/historico\/wp-json\/wp\/v2\/posts"}],"about":[{"href":"https:\/\/plazajuarez.mx\/historico\/wp-json\/wp\/v2\/types\/post"}],"author":[{"embeddable":true,"href":"https:\/\/plazajuarez.mx\/historico\/wp-json\/wp\/v2\/users\/93"}],"replies":[{"embeddable":true,"href":"https:\/\/plazajuarez.mx\/historico\/wp-json\/wp\/v2\/comments?post=104997"}],"version-history":[{"count":0,"href":"https:\/\/plazajuarez.mx\/historico\/wp-json\/wp\/v2\/posts\/104997\/revisions"}],"wp:attachment":[{"href":"https:\/\/plazajuarez.mx\/historico\/wp-json\/wp\/v2\/media?parent=104997"}],"wp:term":[{"taxonomy":"category","embeddable":true,"href":"https:\/\/plazajuarez.mx\/historico\/wp-json\/wp\/v2\/categories?post=104997"},{"taxonomy":"post_tag","embeddable":true,"href":"https:\/\/plazajuarez.mx\/historico\/wp-json\/wp\/v2\/tags?post=104997"}],"curies":[{"name":"wp","href":"https:\/\/api.w.org\/{rel}","templated":true}]}}