{"id":104995,"date":"2020-04-17T21:53:45","date_gmt":"2020-04-17T21:53:45","guid":{"rendered":"http:\/\/plazajuarez.mx\/index\/?p=104995"},"modified":"2020-04-17T21:53:53","modified_gmt":"2020-04-17T21:53:53","slug":"retratos-hablados-947","status":"publish","type":"post","link":"https:\/\/plazajuarez.mx\/historico\/retratos-hablados-947\/","title":{"rendered":"RETRATOS HABLADOS"},"content":{"rendered":"\n<p><strong>AMLO, 1 de junio: fecha definitiva<\/strong><\/p>\n\n\n\n<!--more-->\n\n\n\n<p>Viene lo peor en la pandemia del covid-19, pero (y para usar una imagen utilizada con insistencia durante estas \u00faltimas semanas) \u201cempieza a verse la luz al final del t\u00fanel\u201d. Al menos as\u00ed lo anunciaron las autoridades federales y sinceramente queremos creerles de principio a fin, sin ninguna duda, confiados pese a todo; porque apostar a lo contrario ser\u00eda hacerlo a la desintegraci\u00f3n del pa\u00eds, que empezar\u00eda con un territorio tapizado de cad\u00e1veres ya no solo producto del crimen organizado sino tambi\u00e9n de la enfermedad, y acabar\u00eda con una guerra desatada por el poder del dinero, ante un personaje como Andr\u00e9s Manuel L\u00f3pez Obrador, a quien culpar\u00edan de todo lo habido y por haber, para exigir inmediatamente su dimisi\u00f3n.<br>\u00a0\u00a0 \u00a0A nadie conviene que el primer gobierno de real alternancia en M\u00e9xico se caiga, porque apostar por esa posibilidad es hacerlo por la revancha, la venganza que siempre ha nutrido el sistema pol\u00edtico mexicano, y que por ello se ha traducido en una historia que nunca cristaliza en nada porque siempre se empieza de cero hasta la eternidad.<br>\u00a0\u00a0 \u00a0No recuerdo un solo hombre de poder que a su llegada al cargo,\u00a0 haya tenido como primera acci\u00f3n anunciar que continuar\u00e1\u00a0 y dar\u00e1 mantenimiento a las obras de su antecesor que hayan demostrado su eficiencia, porque en ellas se aplicaron recursos de la ciudadan\u00eda y haya sido o no de su partido merece dicho reconocimiento.<br>\u00a0\u00a0 \u00a0Sucede en cambio lo contrario: el nuevo soberano afianza su mandato con la destrucci\u00f3n de lo que el otro hizo, el olvido de sus obras que implica no destinar un solo peso para su mantenimiento, y de este modo el pueblo vea que resultaron un fiasco absoluto al oxidarse el anuncio, fundirse los focos de la fuente y cuartearse la cinta asf\u00e1ltica del libramiento. Sabe, bien que sabe, que un baj\u00edsimo presupuesto habr\u00eda hecho ver como nuevas las obras del que se fue.<br>\u00a0\u00a0 \u00a0Pero no es as\u00ed, porque en cada nueva administraci\u00f3n se debe partir de cero, \u201cporque no se hab\u00eda hecho nada y lo que se hizo, se hizo mal\u201d.<br>\u00a0\u00a0 \u00a0S\u00ed, es cierto que el actual Jefe de la Naci\u00f3n no solo no es proclive a reconocerle algo bueno a los que logr\u00f3 quitar del poder. Considera su deber afirmar que con \u00e9l empieza una nueva era, que M\u00e9xico renace a partir de que asumi\u00f3 la Presidencia de la Rep\u00fablica. Lo ampara el enojo y la rabia de los ciudadanos contra los pri\u00edstas y panistas, pero ser\u00eda absurdo aceptar que no hubo nada bueno en la historia que termin\u00f3.<br>\u00a0\u00a0 \u00a0Sin embargo, hay justificaci\u00f3n para lo que afirma una y mil veces. Pero \u00e9sta no puede, no debe durar toda la vida, y poco a poco, con la tranquilidad que ofrece la reflexi\u00f3n, deber\u00e1 evaluarse el pasado, el presente y el futuro.<br>\u00a0\u00a0 \u00a0Un pa\u00eds no se inventa en un sexenio. Eso lo sabemos, y por ello esperaremos con esperanza y confianza que a partir del 1 de junio de verdad el fantasma del coronavirus empiece a desaparecer, paso a paso, de manera paulatina pero sin que se haya presentado la tragedia que muchos anticipan y esperan se cumpla, para poner en marcha la estrategia que deje sin Jefe de la Naci\u00f3n al pa\u00eds y luego dar paso a un conflicto civil de magnitudes impensables.<br>\u00a0\u00a0 \u00a0Vamos a mirar con serenidad el escenario, a discernir con datos y cifras confiables lo que est\u00e1 por venir, sin hacer caso ni a los fan\u00e1ticos de AMLO que lo idolatran, ni a los fan\u00e1ticos que lo odian. El punto medio est\u00e1 en usted, en m\u00ed, en todos los que pueden darse el tiempo de pensar y repensar las cosas.<br>\u00a0\u00a0 \u00a0Deseamos, sinceramente deseamos que el 1 de junio podamos comprobar que llegamos a esa fecha sin una multitud de contagiados y muertos del covid-19, y el reconocimiento mundial por haber tenido un manejo ejemplar de la enfermedad.<br>\u00a0\u00a0 \u00a0Ojala as\u00ed sea.<br><br>Mil gracias, hasta el pr\u00f3ximo lunes.<br><br><a href=\"mailto:jeperalta@plazajuarez.mx\/historico\/historico\">jeperalta@plazajuarez.mx\/historico\/historico<\/a><br>@JavierEPeralta<\/p>\n","protected":false},"excerpt":{"rendered":"<p>AMLO, 1 de junio: fecha definitiva<\/p>\n","protected":false},"author":10,"featured_media":0,"comment_status":"open","ping_status":"open","sticky":false,"template":"","format":"standard","meta":{"footnotes":""},"categories":[49,42],"tags":[],"class_list":["post-104995","post","type-post","status-publish","format-standard","hentry","category-javier-peralta","category-nuestrapalabra"],"_links":{"self":[{"href":"https:\/\/plazajuarez.mx\/historico\/wp-json\/wp\/v2\/posts\/104995","targetHints":{"allow":["GET"]}}],"collection":[{"href":"https:\/\/plazajuarez.mx\/historico\/wp-json\/wp\/v2\/posts"}],"about":[{"href":"https:\/\/plazajuarez.mx\/historico\/wp-json\/wp\/v2\/types\/post"}],"author":[{"embeddable":true,"href":"https:\/\/plazajuarez.mx\/historico\/wp-json\/wp\/v2\/users\/10"}],"replies":[{"embeddable":true,"href":"https:\/\/plazajuarez.mx\/historico\/wp-json\/wp\/v2\/comments?post=104995"}],"version-history":[{"count":0,"href":"https:\/\/plazajuarez.mx\/historico\/wp-json\/wp\/v2\/posts\/104995\/revisions"}],"wp:attachment":[{"href":"https:\/\/plazajuarez.mx\/historico\/wp-json\/wp\/v2\/media?parent=104995"}],"wp:term":[{"taxonomy":"category","embeddable":true,"href":"https:\/\/plazajuarez.mx\/historico\/wp-json\/wp\/v2\/categories?post=104995"},{"taxonomy":"post_tag","embeddable":true,"href":"https:\/\/plazajuarez.mx\/historico\/wp-json\/wp\/v2\/tags?post=104995"}],"curies":[{"name":"wp","href":"https:\/\/api.w.org\/{rel}","templated":true}]}}