{"id":104952,"date":"2020-04-17T21:14:45","date_gmt":"2020-04-17T21:14:45","guid":{"rendered":"http:\/\/plazajuarez.mx\/index\/?p=104952"},"modified":"2020-04-20T17:26:56","modified_gmt":"2020-04-20T17:26:56","slug":"solicita-gobierno-ayuda-a-medicos-y-enfermeras-mayores-de-60-anos","status":"publish","type":"post","link":"https:\/\/plazajuarez.mx\/historico\/solicita-gobierno-ayuda-a-medicos-y-enfermeras-mayores-de-60-anos\/","title":{"rendered":"Solicita Gobierno ayuda a m\u00e9dicos y enfermeras mayores de 60 a\u00f1os"},"content":{"rendered":"\n<p><strong>&#8220;Debemos estar completos ante incremento de casos (de coronavirus)&#8221;, detall\u00f3 el presidente mexicano, Andr\u00e9s Manuel L\u00f3pez Obrador, durante su conferencia ma\u00f1anera.<\/strong><\/p>\n\n\n\n<p>El gobierno de M\u00e9xico hizo este viernes un llamado a m\u00e9dicos generales y especialistas, mayores de 60 a\u00f1os, a que se sumen al sistema de salud mexicano en hospitales que no atiendan a pacientes con coronavirus para as\u00ed paliar la carencia de galenos en hospitales p\u00fablicos.<\/p>\n\n\n\n<p>&#8220;Debemos estar completos ante incremento de casos (de coronavirus)&#8221;, detall\u00f3 el presidente mexicano, Andr\u00e9s Manuel L\u00f3pez Obrador, durante su conferencia ma\u00f1anera.<\/p>\n\n\n\n<p>Explic\u00f3 que esto responde a un plan de prevenci\u00f3n debido a que, de acuerdo a las proyecciones de especialistas, ser\u00e1 en los primeros d\u00edas del mes de mayo cuando se crezca el n\u00famero de hospitalizados e ingresados en terapia intensiva &#8220;y se van a requerir m\u00e1s m\u00e9dicos para atenderlos&#8221;.<\/p>\n\n\n\n<p>Detall\u00f3, sin embargo, que los m\u00e9dicos mayores de 60 a\u00f1os que se sumen al sistema de salud &#8220;estar\u00e1n protegidos&#8221; pues trabajar\u00edan en hospitales donde se atienden otros padecimientos, &#8220;no COVID-19&#8221;, siempre y cuando no tengan una enfermedad &#8220;que no sean hipertensos, que no tengan obesidad, diabetes&#8221;.<\/p>\n\n\n\n<p>Indic\u00f3 que la idea es que apoyen durante un mes, entre el 23 de abril y el 23 de mayo, el mismo periodo que dura el acuerdo del gobierno con los hospitales privados.<\/p>\n\n\n\n<p>Adem\u00e1s, explic\u00f3 que como incentivo se les dar\u00e1 una compensaci\u00f3n del 30 % sobre su salario, porque muchos ya trabajan en el sistema de salud, sin embargo, debido a las restricciones por la COVID-19 se han tenido que retirar a sus casas como medida de prevenci\u00f3n.<\/p>\n\n\n\n<p>Dijo que, de acuerdo con una evaluaci\u00f3n, se estima que unos 40.000 doctores y enfermeras est\u00e1n en el grupo de 60 a 65 a\u00f1os.<\/p>\n\n\n\n<p>Sin embargo, solo la mitad est\u00e1n completamente sanos &#8220;por lo que podr\u00edamos contar con 20.000 profesionales de la salud&#8221; para esta causa.<\/p>\n\n\n\n<p>Aclar\u00f3 que actualmente no se tienen problemas de saturaci\u00f3n de hospitales debido al coronavirus &#8220;ahora no hay problemas, incluso tenemos personal de m\u00e1s en estos momentos&#8221; pero se est\u00e1 preparando hacia adelante &#8220;porque no queremos dejar de atender a ning\u00fan enfermo&#8221;.<\/p>\n\n\n\n<p>En tanto, Alejandro Svarch, encargado de la Coordinaci\u00f3n Nacional M\u00e9dica del Instituto de Salud para el Bienestar (Insabi), asever\u00f3 que el personal que decida apoyar &#8220;estar\u00e1 debidamente protegido&#8221;.<\/p>\n\n\n\n<p>Reiter\u00f3 que estas medidas se toman para &#8220;reforzar a personal de hospitales no COVID-19 y con eso se tendr\u00e1 atenci\u00f3n necesaria y calificada para pacientes que no tengan coronavirus&#8221;.<\/p>\n\n\n\n<p>M\u00e9xico registra oficialmente 6.297 casos confirmados de COVID-19 con 486 fallecimientos.<\/p>\n\n\n\n<p>El llamado se hace en medio de las denuncias de decenas de m\u00e9dicos mexicanos quienes han sido agredidos desde finales de marzo, cuando se intensificaron las medidas contra el coronavirus y aumentaron los casos, por parte de ciudadanos que los acusan de ser un peligro de infecci\u00f3n.<\/p>\n","protected":false},"excerpt":{"rendered":"<p>&#8220;Debemos estar completos ante incremento de casos (de coronavirus)&#8221;, detall\u00f3 el presidente mexicano, Andr\u00e9s Manuel L\u00f3pez Obrador, durante su conferencia ma\u00f1anera. El gobierno de M\u00e9xico hizo este viernes un llamado a m\u00e9dicos generales y especialistas, mayores de 60 a\u00f1os, a que se sumen al sistema de salud mexicano en hospitales que no atiendan a pacientes [&hellip;]<\/p>\n","protected":false},"author":80,"featured_media":0,"comment_status":"open","ping_status":"open","sticky":false,"template":"","format":"standard","meta":{"footnotes":""},"categories":[36],"tags":[],"class_list":["post-104952","post","type-post","status-publish","format-standard","hentry","category-nacion"],"_links":{"self":[{"href":"https:\/\/plazajuarez.mx\/historico\/wp-json\/wp\/v2\/posts\/104952","targetHints":{"allow":["GET"]}}],"collection":[{"href":"https:\/\/plazajuarez.mx\/historico\/wp-json\/wp\/v2\/posts"}],"about":[{"href":"https:\/\/plazajuarez.mx\/historico\/wp-json\/wp\/v2\/types\/post"}],"author":[{"embeddable":true,"href":"https:\/\/plazajuarez.mx\/historico\/wp-json\/wp\/v2\/users\/80"}],"replies":[{"embeddable":true,"href":"https:\/\/plazajuarez.mx\/historico\/wp-json\/wp\/v2\/comments?post=104952"}],"version-history":[{"count":0,"href":"https:\/\/plazajuarez.mx\/historico\/wp-json\/wp\/v2\/posts\/104952\/revisions"}],"wp:attachment":[{"href":"https:\/\/plazajuarez.mx\/historico\/wp-json\/wp\/v2\/media?parent=104952"}],"wp:term":[{"taxonomy":"category","embeddable":true,"href":"https:\/\/plazajuarez.mx\/historico\/wp-json\/wp\/v2\/categories?post=104952"},{"taxonomy":"post_tag","embeddable":true,"href":"https:\/\/plazajuarez.mx\/historico\/wp-json\/wp\/v2\/tags?post=104952"}],"curies":[{"name":"wp","href":"https:\/\/api.w.org\/{rel}","templated":true}]}}