{"id":104879,"date":"2020-04-16T23:07:46","date_gmt":"2020-04-16T23:07:46","guid":{"rendered":"http:\/\/plazajuarez.mx\/index\/?p=104879"},"modified":"2020-04-16T23:07:50","modified_gmt":"2020-04-16T23:07:50","slug":"thierry-fremaux-apunta-a-una-posible-alianza-de-cannes-y-venecia","status":"publish","type":"post","link":"https:\/\/plazajuarez.mx\/historico\/thierry-fremaux-apunta-a-una-posible-alianza-de-cannes-y-venecia\/","title":{"rendered":"Thierry Fr\u00e9maux apunta a una posible alianza de Cannes y Venecia"},"content":{"rendered":"\n<p>Tras constatar que el Festival de Cannes no podr\u00e1 celebrarse en junio o julio, como esperaba, su director, Thierry Fr\u00e9maux sigue buscando una salida para no perder todo el trabajo ya hecho y no descarta celebrarlo en oto\u00f1o o llegar a una alianza con la Mostra de Venecia<\/p>\n\n\n\n<!--more-->\n\n\n\n<p>En una entrevista con Variety, Fr\u00e9maux asegura que estos d\u00edas ha estado en contacto con el director de Venecia, Alberto Barbera, que tambi\u00e9n est\u00e1 preocupado ante la posibilidad de que el virus les obligue igualmente a suspender la Mostra.<\/p>\n\n\n\n<p>&#8220;Desde el comienzo de la crisis hemos hablado de la posibilidad de hacer algo juntos si Cannes era cancelado. Seguimos discutiendo sobre ello&#8221;, asegura Fr\u00e9maux, sin precisar en qu\u00e9 podr\u00eda consistir esa colaboraci\u00f3n.<\/p>\n\n\n\n<p>Adem\u00e1s, se\u00f1ala que otros festivales tambi\u00e9n les han invitados a hacer algo con ellos y cita a los de Locarno (Suiza), San Sebasti\u00e1n (Espa\u00f1a) y Deauville (Francia). &#8220;Son gestos que nos emocionan mucho&#8221;, resalt\u00f3 el director de Cannes.<\/p>\n\n\n\n<p>Fr\u00e9maux es adem\u00e1s director del Festival Lumi\u00e8re, que se celebra en octubre en Lyon (Francia) y que podr\u00eda asumir algunos de los estrenos que no se puedan realizar en Cannes.<\/p>\n\n\n\n<p>Su objetivo es &#8220;estar presente en oto\u00f1o para contribuir a la celebraci\u00f3n de la vida, el nuevo arranque de la industria y la reapertura de salas de cine&#8221;.<\/p>\n\n\n\n<p>&#8220;El cine y sus industrias est\u00e1n amenazados. Tendremos que reconstruir y reafirmar su importancia con energ\u00eda, unidad y solidaridad&#8221;, agrega.<\/p>\n\n\n\n<p>Otra de las ideas de Fr\u00e9mauz es establecer una etiqueta &#8220;Cannes 2020&#8221; para todas las pel\u00edculas que ha visto el comit\u00e9 de selecci\u00f3n y que les han gustado, para ayudarlas en su promoci\u00f3n despu\u00e9s del verano.<\/p>\n\n\n\n<p>Y asegura que el comit\u00e9 seguir\u00e1 viendo las pel\u00edculas que les han enviado hasta comienzos de junio.<\/p>\n\n\n\n<p>Respecto a la posibilidad de celebrar la edici\u00f3n de manera virtual, Fr\u00e9maux reiter\u00f3 que &#8220;no tendr\u00eda ning\u00fan sentido&#8221; teniendo en cuenta lo que es el Festival de Cannes.<\/p>\n\n\n\n<p>Ni tampoco hacerlo m\u00e1s corto o con menos secciones. &#8220;Si el Festival de Cannes se celebra, lo har\u00e1 de forma completa&#8221; y si finalmente se lleva a cabo &#8220;significar\u00e1 que la vida ha ganado&#8221;.<\/p>\n\n\n\n<p>Que no ser\u00e1 este verano, es un hecho. Pero el responsable de Cannes no descarta que sea en oto\u00f1o. &#8220;Los festivales de oto\u00f1o podr\u00edan ser cancelados o podr\u00edamos empezar a ver un cielo m\u00e1s despejado con la llegada del verano, que nos de la posibilidad de ver los meses siguientes desde una perspectiva nueva&#8221;.<\/p>\n\n\n\n<p>&#8220;Lo que todo el mundo debe saber es que si luchamos no es por el festival en s\u00ed mismo sino para apoyar el relanzamiento econ\u00f3mico del sector en su conjunto, a escala global: las pel\u00edculas,los artistas, los profesionales, las salas y sus espectadores&#8221;.<\/p>\n","protected":false},"excerpt":{"rendered":"<p>Tras constatar que el Festival de Cannes no podr\u00e1 celebrarse en junio o julio, como esperaba, su director, Thierry Fr\u00e9maux sigue buscando una salida para no perder todo el trabajo ya hecho y no descarta celebrarlo en oto\u00f1o o llegar a una alianza con la Mostra de Venecia<\/p>\n","protected":false},"author":80,"featured_media":0,"comment_status":"open","ping_status":"open","sticky":false,"template":"","format":"standard","meta":{"footnotes":""},"categories":[38],"tags":[],"class_list":["post-104879","post","type-post","status-publish","format-standard","hentry","category-show"],"_links":{"self":[{"href":"https:\/\/plazajuarez.mx\/historico\/wp-json\/wp\/v2\/posts\/104879","targetHints":{"allow":["GET"]}}],"collection":[{"href":"https:\/\/plazajuarez.mx\/historico\/wp-json\/wp\/v2\/posts"}],"about":[{"href":"https:\/\/plazajuarez.mx\/historico\/wp-json\/wp\/v2\/types\/post"}],"author":[{"embeddable":true,"href":"https:\/\/plazajuarez.mx\/historico\/wp-json\/wp\/v2\/users\/80"}],"replies":[{"embeddable":true,"href":"https:\/\/plazajuarez.mx\/historico\/wp-json\/wp\/v2\/comments?post=104879"}],"version-history":[{"count":0,"href":"https:\/\/plazajuarez.mx\/historico\/wp-json\/wp\/v2\/posts\/104879\/revisions"}],"wp:attachment":[{"href":"https:\/\/plazajuarez.mx\/historico\/wp-json\/wp\/v2\/media?parent=104879"}],"wp:term":[{"taxonomy":"category","embeddable":true,"href":"https:\/\/plazajuarez.mx\/historico\/wp-json\/wp\/v2\/categories?post=104879"},{"taxonomy":"post_tag","embeddable":true,"href":"https:\/\/plazajuarez.mx\/historico\/wp-json\/wp\/v2\/tags?post=104879"}],"curies":[{"name":"wp","href":"https:\/\/api.w.org\/{rel}","templated":true}]}}