{"id":104870,"date":"2020-04-16T22:56:02","date_gmt":"2020-04-16T22:56:02","guid":{"rendered":"http:\/\/plazajuarez.mx\/index\/?p=104870"},"modified":"2020-04-16T22:56:07","modified_gmt":"2020-04-16T22:56:07","slug":"san-martin-de-porres","status":"publish","type":"post","link":"https:\/\/plazajuarez.mx\/historico\/san-martin-de-porres\/","title":{"rendered":"San Mart\u00edn de Porres"},"content":{"rendered":"\n<p><strong>CINE DE AYER<br><br>La pel\u00edcula resulta muy torpe y mal escrita, tratando de justificar su pobreza con la fe<\/strong><\/p>\n\n\n\n<!--more-->\n\n\n\n<p><br>He de confesar que desde que vi en mi ni\u00f1ez \u201cFray Escoba\u201d, de Ram\u00f3n Torrado, Fray Mart\u00edn de Porres se convirti\u00f3 en mi santo favorito.<\/p>\n\n\n\n<p>El personaje interpretado por el cubano Ren\u00e9 Mu\u00f1oz se convirti\u00f3 en mi intermediario favorito con el creador.<br><br>Por eso segu\u00ed con inter\u00e9s la exhibici\u00f3n en A+ este fin de semana de \u201cLos milagros de San Mart\u00edn de Porres\u201d, de Rafael Baled\u00f3n. Se trata de una modesta producci\u00f3n de episodios, filmada en 1963 que narra dos milagros del santo.<br><br>El primero de ellos narra la historia de una cieguita (Mar\u00eda Alejandra) que vive con su padre viudo (Roberto Ca\u00f1edo), que se topa con una antigua novia, que es buscada por la polic\u00eda, pues envenen\u00f3 con ars\u00e9nico a su anterior marido.<br><br>El santo, encarnado por Jorge Caballero, es aqu\u00ed un humilde pastorcito que promete regresarle la vista a la quincea\u00f1era y salvar a su padre.<br><br>El siguiente milagro, es el de un cantante (Fernando Almada), a quien su estirada novia (Lorena Vel\u00e1zquez) pide que abandone su religi\u00f3n.<br><br>Pero cuando sufre un grave accidente, es ella misma la que implora al santo que le devuelva la salud a su amado.<br><br>La pel\u00edcula resulta muy torpe y mal escrita, tratando de justificar su pobreza con la fe de los espectadores. Trataba de ser un veh\u00edculo para el lanzamiento al estrellato de Fernando Almada, cosa que lograr\u00eda a\u00f1os despu\u00e9s, pero ya no como cantante.<br><br>Es el \u00fanico que aparece en los dos episodios. Al final de la cinta interpreta el Ave Mar\u00eda, desde el templo de las Merceritas, de grata memoria, pues es una de las iglesias m\u00e1s cercanas a mi casa.<br><br>Por cierto, Almada escribir\u00eda el gui\u00f3n de una mejor cinta sobre el santo: \u201cUn mulato llamado Mart\u00edn\u201d, de 1975 y dirigida por Tito Davison y protagonizada por Ren\u00e9 Mu\u00f1oz, quien morir\u00eda en el a\u00f1o 2000. \u00a0 \u00a0 \u00a0<\/p>\n","protected":false},"excerpt":{"rendered":"<p>CINE DE AYER La pel\u00edcula resulta muy torpe y mal escrita, tratando de justificar su pobreza con la fe<\/p>\n","protected":false},"author":93,"featured_media":0,"comment_status":"open","ping_status":"open","sticky":false,"template":"","format":"standard","meta":{"footnotes":""},"categories":[41],"tags":[],"class_list":["post-104870","post","type-post","status-publish","format-standard","hentry","category-arteria-cultural"],"_links":{"self":[{"href":"https:\/\/plazajuarez.mx\/historico\/wp-json\/wp\/v2\/posts\/104870","targetHints":{"allow":["GET"]}}],"collection":[{"href":"https:\/\/plazajuarez.mx\/historico\/wp-json\/wp\/v2\/posts"}],"about":[{"href":"https:\/\/plazajuarez.mx\/historico\/wp-json\/wp\/v2\/types\/post"}],"author":[{"embeddable":true,"href":"https:\/\/plazajuarez.mx\/historico\/wp-json\/wp\/v2\/users\/93"}],"replies":[{"embeddable":true,"href":"https:\/\/plazajuarez.mx\/historico\/wp-json\/wp\/v2\/comments?post=104870"}],"version-history":[{"count":0,"href":"https:\/\/plazajuarez.mx\/historico\/wp-json\/wp\/v2\/posts\/104870\/revisions"}],"wp:attachment":[{"href":"https:\/\/plazajuarez.mx\/historico\/wp-json\/wp\/v2\/media?parent=104870"}],"wp:term":[{"taxonomy":"category","embeddable":true,"href":"https:\/\/plazajuarez.mx\/historico\/wp-json\/wp\/v2\/categories?post=104870"},{"taxonomy":"post_tag","embeddable":true,"href":"https:\/\/plazajuarez.mx\/historico\/wp-json\/wp\/v2\/tags?post=104870"}],"curies":[{"name":"wp","href":"https:\/\/api.w.org\/{rel}","templated":true}]}}