{"id":104867,"date":"2020-04-16T22:52:36","date_gmt":"2020-04-16T22:52:36","guid":{"rendered":"http:\/\/plazajuarez.mx\/index\/?p=104867"},"modified":"2020-04-16T22:53:32","modified_gmt":"2020-04-16T22:53:32","slug":"muere-rubem-fonseca-uno-de-los-grandes-escritores-de-brasil","status":"publish","type":"post","link":"https:\/\/plazajuarez.mx\/historico\/muere-rubem-fonseca-uno-de-los-grandes-escritores-de-brasil\/","title":{"rendered":"Muere Rubem Fonseca, uno de los grandes escritores de Brasil"},"content":{"rendered":"\n<p><strong>De acuerdo con familiares, Fonseca sufri\u00f3 un infarto durante una comida en su apartamento<\/strong><\/p>\n\n\n\n<!--more-->\n\n\n\n<p><br>El escritor brasile\u00f1o Rubem Fonseca, ganador del premio Camoes y uno de los principales exponentes de la literatura de Brasil, falleci\u00f3 este mi\u00e9rcoles a los 94 a\u00f1os tras sufrir un infarto en su residencia en R\u00edo de Janeiro, inform\u00f3 su familia.<\/p>\n\n\n\n<p>De acuerdo con familiares, Fonseca sufri\u00f3 un infarto durante una comida en su apartamento y lleg\u00f3 a ser trasladado a un hospital del barrio de Botafogo, en la zona sur de R\u00edo de Janeiro, pero lleg\u00f3 sin vida al local<br>Fonseca, natural de la ciudad de Juiz de Fora (sureste) y quien cumplir\u00eda 95 a\u00f1os el pr\u00f3ximo 11 de mayo, fue uno de los autores latinoamericanos m\u00e1s influyentes del sigo XX y renov\u00f3 la literatura brasile\u00f1a con su lenguaje directo, que moldear\u00eda diversas generaciones de escritores.<\/p>\n\n\n\n<p>Entre los diversos galardones que recibi\u00f3 a lo largo de su trayectoria profesional se destacan el Premio Camoes en 2003, otorgado a autores que escriben en lengua portuguesa; el ahora extinto Premio Juan Rulfo, que Fonseca recibi\u00f3 en el mismo a\u00f1o de las manos del colombiano Gabriel Garc\u00eda M\u00e1rquez; y el Machado de Assis en 2015, uno de los principales galardones de la literatura brasile\u00f1a.<\/p>\n\n\n\n<p>Entre su extensa obra figuran libros como los cuentos de &#8220;Lucia McCartney&#8221; (1967) y &#8220;Feliz a\u00f1o nuevo&#8221; (1975), adem\u00e1s de las novelas &#8220;El caso Morel&#8221; (1973), &#8220;Agosto&#8221; (1990), y &#8220;El gran arte&#8221; (1983), considerado por muchos la obra maestra del autor.<\/p>\n\n\n\n<p>Marcada por su estilo \u00e1cido, violento, seco y directo, con buenas dosis de erotismo, la obra de Fonseca atraves\u00f3 generaciones y ha sido blanco de diversas pol\u00e9micas a lo largo de las d\u00e9cadas.<br><br>La m\u00e1s reciente fue hace pocos meses, cuando la Gobernaci\u00f3n del norte\u00f1o estado brasile\u00f1o de Rondonia orden\u00f3 la retirada de las escuelas p\u00fablicas de decenas de libros cl\u00e1sicos de la literatura nacional por su contenido &#8220;inadecuado&#8221;, aunque dio marcha atr\u00e1s despu\u00e9s de la ola de cr\u00edticas que recibi\u00f3.<br><br>La lista inclu\u00eda diversos vol\u00famenes de Fonseca y otros autores consagrados de la literatura brasile\u00f1a, como M\u00e1rio de Andrade, Machado de Assis o Euclides da Cunha.<br><br>En ese sentido, Fonseca siempre admiti\u00f3 el uso de un lenguaje &#8220;obsceno&#8221; en sus publicaciones y defendi\u00f3 que los escritores no pueden &#8220;discriminar las palabras&#8221;.<\/p>\n","protected":false},"excerpt":{"rendered":"<p>De acuerdo con familiares, Fonseca sufri\u00f3 un infarto durante una comida en su apartamento<\/p>\n","protected":false},"author":80,"featured_media":0,"comment_status":"open","ping_status":"open","sticky":false,"template":"","format":"standard","meta":{"footnotes":""},"categories":[41],"tags":[],"class_list":["post-104867","post","type-post","status-publish","format-standard","hentry","category-arteria-cultural"],"_links":{"self":[{"href":"https:\/\/plazajuarez.mx\/historico\/wp-json\/wp\/v2\/posts\/104867","targetHints":{"allow":["GET"]}}],"collection":[{"href":"https:\/\/plazajuarez.mx\/historico\/wp-json\/wp\/v2\/posts"}],"about":[{"href":"https:\/\/plazajuarez.mx\/historico\/wp-json\/wp\/v2\/types\/post"}],"author":[{"embeddable":true,"href":"https:\/\/plazajuarez.mx\/historico\/wp-json\/wp\/v2\/users\/80"}],"replies":[{"embeddable":true,"href":"https:\/\/plazajuarez.mx\/historico\/wp-json\/wp\/v2\/comments?post=104867"}],"version-history":[{"count":0,"href":"https:\/\/plazajuarez.mx\/historico\/wp-json\/wp\/v2\/posts\/104867\/revisions"}],"wp:attachment":[{"href":"https:\/\/plazajuarez.mx\/historico\/wp-json\/wp\/v2\/media?parent=104867"}],"wp:term":[{"taxonomy":"category","embeddable":true,"href":"https:\/\/plazajuarez.mx\/historico\/wp-json\/wp\/v2\/categories?post=104867"},{"taxonomy":"post_tag","embeddable":true,"href":"https:\/\/plazajuarez.mx\/historico\/wp-json\/wp\/v2\/tags?post=104867"}],"curies":[{"name":"wp","href":"https:\/\/api.w.org\/{rel}","templated":true}]}}