{"id":104804,"date":"2020-04-15T20:17:00","date_gmt":"2020-04-15T20:17:00","guid":{"rendered":"http:\/\/plazajuarez.mx\/index\/?p=104804"},"modified":"2020-04-16T20:19:15","modified_gmt":"2020-04-16T20:19:15","slug":"robo-una-cartera-dinero-y-telefono-va-a-proceso","status":"publish","type":"post","link":"https:\/\/plazajuarez.mx\/historico\/robo-una-cartera-dinero-y-telefono-va-a-proceso\/","title":{"rendered":"Rob\u00f3 una cartera, dinero y tel\u00e9fono, va a proceso"},"content":{"rendered":"\n<p><strong>Los hechos por los que se investiga a Virginio \u201cN\u201d, ocurrieron el mes de marzo<\/strong><\/p>\n\n\n\n<!--more-->\n\n\n\n<p>Procuradur\u00eda General de Justicia del estado de Hidalgo (PGJEH), obtuvo de la autoridad judicial, vinculaci\u00f3n a proceso de un hombre, por robo calificado, ocurrido en Pachuca.<\/p>\n\n\n\n<p>Los hechos por los que investigan a Virginio \u201cN\u201d, ocurrieron el mes de marzo, al momento en que el hombre ingres\u00f3 a un inmueble en la colonia R\u00edo de la Soledad en esta ciudad capital.<\/p>\n\n\n\n<p>La parte agraviada denunci\u00f3 que una persona ingres\u00f3 a su domicilio, donde sustrajo una cartera con dinero en efectivo y un tel\u00e9fono celular; despu\u00e9s se refugi\u00f3 en uno de los departamentos contiguos, lo que facilit\u00f3 su aseguramiento.<\/p>\n\n\n\n<p>El agraviado hizo del conocimiento de lo ocurrido al Ministerio P\u00fablico y se inici\u00f3 la carpeta de investigaci\u00f3n por robo calificado.<\/p>\n\n\n\n<p>La agente del Ministerio P\u00fablico recab\u00f3 datos de prueba para solicitar al juez de control vinculaci\u00f3n a proceso de Virginio \u201cN\u201d, misma que fue otorgada.<\/p>\n\n\n\n<p>La autoridad judicial impuso la medida cautelar de prisi\u00f3n preventiva justificada y determin\u00f3 un plazo de tres meses para el cierre de la investigaci\u00f3n.<\/p>\n","protected":false},"excerpt":{"rendered":"<p>Los hechos por los que se investiga a Virginio \u201cN\u201d, ocurrieron el mes de marzo<\/p>\n","protected":false},"author":93,"featured_media":0,"comment_status":"open","ping_status":"open","sticky":false,"template":"","format":"standard","meta":{"footnotes":""},"categories":[37],"tags":[],"class_list":["post-104804","post","type-post","status-publish","format-standard","hentry","category-barandilla"],"_links":{"self":[{"href":"https:\/\/plazajuarez.mx\/historico\/wp-json\/wp\/v2\/posts\/104804","targetHints":{"allow":["GET"]}}],"collection":[{"href":"https:\/\/plazajuarez.mx\/historico\/wp-json\/wp\/v2\/posts"}],"about":[{"href":"https:\/\/plazajuarez.mx\/historico\/wp-json\/wp\/v2\/types\/post"}],"author":[{"embeddable":true,"href":"https:\/\/plazajuarez.mx\/historico\/wp-json\/wp\/v2\/users\/93"}],"replies":[{"embeddable":true,"href":"https:\/\/plazajuarez.mx\/historico\/wp-json\/wp\/v2\/comments?post=104804"}],"version-history":[{"count":0,"href":"https:\/\/plazajuarez.mx\/historico\/wp-json\/wp\/v2\/posts\/104804\/revisions"}],"wp:attachment":[{"href":"https:\/\/plazajuarez.mx\/historico\/wp-json\/wp\/v2\/media?parent=104804"}],"wp:term":[{"taxonomy":"category","embeddable":true,"href":"https:\/\/plazajuarez.mx\/historico\/wp-json\/wp\/v2\/categories?post=104804"},{"taxonomy":"post_tag","embeddable":true,"href":"https:\/\/plazajuarez.mx\/historico\/wp-json\/wp\/v2\/tags?post=104804"}],"curies":[{"name":"wp","href":"https:\/\/api.w.org\/{rel}","templated":true}]}}