{"id":104801,"date":"2020-04-15T20:16:00","date_gmt":"2020-04-15T20:16:00","guid":{"rendered":"http:\/\/plazajuarez.mx\/index\/?p=104801"},"modified":"2020-04-16T20:17:33","modified_gmt":"2020-04-16T20:17:33","slug":"colapsan-la-carretera-mexico-tampico","status":"publish","type":"post","link":"https:\/\/plazajuarez.mx\/historico\/colapsan-la-carretera-mexico-tampico\/","title":{"rendered":"Colapsan la carretera M\u00e9xico-Tampico"},"content":{"rendered":"\n<p><strong>A las 15:45 horas se liber\u00f3 la circulaci\u00f3n de la carretera, ya que los manifestantes se retiraron<\/strong><\/p>\n\n\n\n<!--more-->\n\n\n\n<p>Vecinos de Atotonilco El Grande colapsaron la carretera Federal M\u00e9xico-Tampico, la mantuvieron bloqueada en ambos sentidos por casi siete horas, lo que provoc\u00f3 que veh\u00edculos que transitaban por esa importante v\u00eda de comunicaci\u00f3n fueran desviados por caminos aleda\u00f1os para retomar hacia sus destinos.<\/p>\n\n\n\n<p>La informaci\u00f3n oficial de la Agencia de Seguridad Estatal, delegaci\u00f3n Atotonilco El Grande, detall\u00f3 que a las 08:45 horas, al exterior de la presidencia Municipal arribaron un aproximado de 100 personas de las colonias San Rafael, Barrio San Miguel y Barrio La Puebla del Municipio de Atotonilco El Grande, las cuales se manifestaron para solicitar el abastecimiento de agua.<\/p>\n\n\n\n<p>A las 10:00 horas, los inconformes esperaban el arribo del Presidente Municipal, pero como no fueron atendidos, se retiraron del lugar amenazando con bloquear la Carretera Federal.<\/p>\n\n\n\n<p>Fue a las 10:55 horas, cuando las personas realizaron el bloqueo en ambos sentidos de la carretera Federal M\u00e9xico-Tampico altura del Libramiento, portando pancartas con la leyenda: \u201cQueremos agua\u201d. El Presidente Municipal acudi\u00f3 y los manifestantes empezaron a incendiar neum\u00e1ticos usados.<\/p>\n\n\n\n<p>Cuando el reloj marcaba las 11:45 horas, las personas que se manifestaron decidieron trasladarse caminando sobre la cinta asf\u00e1ltica, abarcando ambos sentidos, con direcci\u00f3n al Kil\u00f3metro 30, ubicado a la altura de la localidad de la Grava para bloquear el tramo carretero en ese punto.<\/p>\n\n\n\n<p>A las 12:21 horas, inconformes manten\u00edan el bloqueo, por lo que se utilizaron v\u00edas alternas para transitar, el desviarse por crucero del CECyTEH para incorporarse a Carretera Tulancingo-Huasca y tomar el camino de terracer\u00eda San Jos\u00e9 Ocotillos, para que trataran de llegar a sus diferentes destinos.<\/p>\n\n\n\n<p>Finalmente, a las 15:45 horas, se liber\u00f3 la circulaci\u00f3n de la carretera, ya que los manifestantes decidieron levantar el bloqueo.<\/p>\n","protected":false},"excerpt":{"rendered":"<p>A las 15:45 horas se liber\u00f3 la circulaci\u00f3n de la carretera, ya que los manifestantes se retiraron<\/p>\n","protected":false},"author":93,"featured_media":0,"comment_status":"open","ping_status":"open","sticky":false,"template":"","format":"standard","meta":{"footnotes":""},"categories":[37],"tags":[],"class_list":["post-104801","post","type-post","status-publish","format-standard","hentry","category-barandilla"],"_links":{"self":[{"href":"https:\/\/plazajuarez.mx\/historico\/wp-json\/wp\/v2\/posts\/104801","targetHints":{"allow":["GET"]}}],"collection":[{"href":"https:\/\/plazajuarez.mx\/historico\/wp-json\/wp\/v2\/posts"}],"about":[{"href":"https:\/\/plazajuarez.mx\/historico\/wp-json\/wp\/v2\/types\/post"}],"author":[{"embeddable":true,"href":"https:\/\/plazajuarez.mx\/historico\/wp-json\/wp\/v2\/users\/93"}],"replies":[{"embeddable":true,"href":"https:\/\/plazajuarez.mx\/historico\/wp-json\/wp\/v2\/comments?post=104801"}],"version-history":[{"count":0,"href":"https:\/\/plazajuarez.mx\/historico\/wp-json\/wp\/v2\/posts\/104801\/revisions"}],"wp:attachment":[{"href":"https:\/\/plazajuarez.mx\/historico\/wp-json\/wp\/v2\/media?parent=104801"}],"wp:term":[{"taxonomy":"category","embeddable":true,"href":"https:\/\/plazajuarez.mx\/historico\/wp-json\/wp\/v2\/categories?post=104801"},{"taxonomy":"post_tag","embeddable":true,"href":"https:\/\/plazajuarez.mx\/historico\/wp-json\/wp\/v2\/tags?post=104801"}],"curies":[{"name":"wp","href":"https:\/\/api.w.org\/{rel}","templated":true}]}}