{"id":104798,"date":"2020-04-15T20:14:00","date_gmt":"2020-04-15T20:14:00","guid":{"rendered":"http:\/\/plazajuarez.mx\/index\/?p=104798"},"modified":"2020-04-16T20:16:03","modified_gmt":"2020-04-16T20:16:03","slug":"con-sorpresivo-cateo-ayer-la-fgr-recupero-un-camion-y-gel-antibacterial","status":"publish","type":"post","link":"https:\/\/plazajuarez.mx\/historico\/con-sorpresivo-cateo-ayer-la-fgr-recupero-un-camion-y-gel-antibacterial\/","title":{"rendered":"Con sorpresivo cateo, ayer la FGR recuper\u00f3 un cami\u00f3n y gel antibacterial"},"content":{"rendered":"\n<p><strong>Lo localizaron y aseguraron, en San Miguel Atlamajac, municipio de Tec\u00e1mac, Estado de M\u00e9xico<\/strong><\/p>\n\n\n\n<!--more-->\n\n\n\n<p>En atenci\u00f3n a denuncia presentada por el delito de robo de autotransporte con placas del servicio p\u00fablico Federal y derivado de las investigaciones realizadas por elementos de la Polic\u00eda Federal Ministerial (PFM), adscritos a la Fiscal\u00eda General de la Rep\u00fablica (FGR) en su delegaci\u00f3n del Estado de M\u00e9xico, se recuper\u00f3 el veh\u00edculo y la mercanc\u00eda que transportaba.<\/p>\n\n\n\n<p>Una vez que se recibi\u00f3 la denuncia ante el Ministerio P\u00fablico Federal (MPF), por parte del apoderado legal de una empresa, en la que se manifest\u00f3 el robo del automotor, se realizaron las investigaciones correspondientes a fin de ubicar la unidad.<\/p>\n\n\n\n<p>El veh\u00edculo contaba con sistema de localizaci\u00f3n satelital, lo que permiti\u00f3 a los elementos Federales Ministeriales ubicarlo en un inmueble de la localidad de San Miguel Atlamajac, Municipio de Tec\u00e1mac, Estado de M\u00e9xico.<\/p>\n\n\n\n<p>En raz\u00f3n de estos hechos, el Fiscal Federal solicit\u00f3 orden de cateo para dicho inmueble, donde se recuper\u00f3 el veh\u00edculo, 12 tambos con un peso aproximado de\u00a0 200 kilos con gel antibacterial y 36 cajas de cart\u00f3n con piezas para autom\u00f3viles.<\/p>\n","protected":false},"excerpt":{"rendered":"<p>Lo localizaron y aseguraron, en San Miguel Atlamajac, municipio de Tec\u00e1mac, Estado de M\u00e9xico<\/p>\n","protected":false},"author":93,"featured_media":0,"comment_status":"open","ping_status":"open","sticky":false,"template":"","format":"standard","meta":{"footnotes":""},"categories":[37],"tags":[],"class_list":["post-104798","post","type-post","status-publish","format-standard","hentry","category-barandilla"],"_links":{"self":[{"href":"https:\/\/plazajuarez.mx\/historico\/wp-json\/wp\/v2\/posts\/104798","targetHints":{"allow":["GET"]}}],"collection":[{"href":"https:\/\/plazajuarez.mx\/historico\/wp-json\/wp\/v2\/posts"}],"about":[{"href":"https:\/\/plazajuarez.mx\/historico\/wp-json\/wp\/v2\/types\/post"}],"author":[{"embeddable":true,"href":"https:\/\/plazajuarez.mx\/historico\/wp-json\/wp\/v2\/users\/93"}],"replies":[{"embeddable":true,"href":"https:\/\/plazajuarez.mx\/historico\/wp-json\/wp\/v2\/comments?post=104798"}],"version-history":[{"count":0,"href":"https:\/\/plazajuarez.mx\/historico\/wp-json\/wp\/v2\/posts\/104798\/revisions"}],"wp:attachment":[{"href":"https:\/\/plazajuarez.mx\/historico\/wp-json\/wp\/v2\/media?parent=104798"}],"wp:term":[{"taxonomy":"category","embeddable":true,"href":"https:\/\/plazajuarez.mx\/historico\/wp-json\/wp\/v2\/categories?post=104798"},{"taxonomy":"post_tag","embeddable":true,"href":"https:\/\/plazajuarez.mx\/historico\/wp-json\/wp\/v2\/tags?post=104798"}],"curies":[{"name":"wp","href":"https:\/\/api.w.org\/{rel}","templated":true}]}}