{"id":104792,"date":"2020-04-16T20:10:47","date_gmt":"2020-04-16T20:10:47","guid":{"rendered":"http:\/\/plazajuarez.mx\/index\/?p=104792"},"modified":"2020-04-16T20:10:52","modified_gmt":"2020-04-16T20:10:52","slug":"dimite-secretario-de-vigilancia-sanitaria-de-brasil","status":"publish","type":"post","link":"https:\/\/plazajuarez.mx\/historico\/dimite-secretario-de-vigilancia-sanitaria-de-brasil\/","title":{"rendered":"Dimite secretario de Vigilancia Sanitaria de Brasil"},"content":{"rendered":"\n<p><strong>Anticipa posible salida del ministro por discrepancias con el ultraderechista mandatario, Jair Bolsonaro<\/strong><\/p>\n\n\n\n<!--more-->\n\n\n\n<p>El secretario de Vigilancia Sanitaria del Ministerio de Salud de Brasil, Wanderson de Oliveira, renunci\u00f3 ayer y anticip\u00f3 la posible salida del titular de ese despacho, Luiz Henrique Mandetta, en conflicto con el presidente Jair Bolsonaro por el COVID-19.<\/p>\n\n\n\n<p>Oliveira es un hombre clave del equipo formado para el combate al coronavirus SARS-CoV-2 y quien, al igual que Mandetta, ha enfrentado a Bolsonaro y defendido las medidas de restricci\u00f3n de la circulaci\u00f3n de personas para frenar al virus, a las que el mandatario se opone.<\/p>\n\n\n\n<p>De Oliveira envi\u00f3 una carta a otros funcionarios del ministerio, en la cual escribi\u00f3 que &#8220;infelizmente, ha llegado el momento de la despedida&#8221;. Agreg\u00f3 que el martes tuvo una reuni\u00f3n con Mandetta y que &#8220;su salida est\u00e1 prevista para las pr\u00f3ximas horas o d\u00edas&#8221;, pero que no era posible determinar cu\u00e1ndo &#8220;ser\u00e1 el momento exacto&#8221;.<\/p>\n\n\n\n<p>Sin embargo, anticip\u00f3 que pudiera ser a trav\u00e9s de &#8220;un anuncio respetuoso&#8221; por parte de Bolsonaro o &#8220;por el Twitter&#8221;, el medio que el mandatario suele usar para muchos anuncios importantes, incluida la dimisi\u00f3n de ministros.<br><br>En la carta, De Oliveira considera que &#8220;la gesti\u00f3n de Mandetta se acab\u00f3&#8221;. Las tensiones entre Bolsonaro y Mandetta comenzaron hace semanas y se agravaron al mismo ritmo que el coronavirus se ha expandido por el pa\u00eds, donde ya hay 1.557 fallecidos y 25.758 casos confirmados de COVID-19.<\/p>\n","protected":false},"excerpt":{"rendered":"<p>Anticipa posible salida del ministro por discrepancias con el ultraderechista mandatario, Jair Bolsonaro<\/p>\n","protected":false},"author":80,"featured_media":0,"comment_status":"open","ping_status":"open","sticky":false,"template":"","format":"standard","meta":{"footnotes":""},"categories":[31],"tags":[],"class_list":["post-104792","post","type-post","status-publish","format-standard","hentry","category-orbe"],"_links":{"self":[{"href":"https:\/\/plazajuarez.mx\/historico\/wp-json\/wp\/v2\/posts\/104792","targetHints":{"allow":["GET"]}}],"collection":[{"href":"https:\/\/plazajuarez.mx\/historico\/wp-json\/wp\/v2\/posts"}],"about":[{"href":"https:\/\/plazajuarez.mx\/historico\/wp-json\/wp\/v2\/types\/post"}],"author":[{"embeddable":true,"href":"https:\/\/plazajuarez.mx\/historico\/wp-json\/wp\/v2\/users\/80"}],"replies":[{"embeddable":true,"href":"https:\/\/plazajuarez.mx\/historico\/wp-json\/wp\/v2\/comments?post=104792"}],"version-history":[{"count":0,"href":"https:\/\/plazajuarez.mx\/historico\/wp-json\/wp\/v2\/posts\/104792\/revisions"}],"wp:attachment":[{"href":"https:\/\/plazajuarez.mx\/historico\/wp-json\/wp\/v2\/media?parent=104792"}],"wp:term":[{"taxonomy":"category","embeddable":true,"href":"https:\/\/plazajuarez.mx\/historico\/wp-json\/wp\/v2\/categories?post=104792"},{"taxonomy":"post_tag","embeddable":true,"href":"https:\/\/plazajuarez.mx\/historico\/wp-json\/wp\/v2\/tags?post=104792"}],"curies":[{"name":"wp","href":"https:\/\/api.w.org\/{rel}","templated":true}]}}