{"id":104678,"date":"2020-04-16T17:28:01","date_gmt":"2020-04-16T17:28:01","guid":{"rendered":"http:\/\/plazajuarez.mx\/index\/?p=104678"},"modified":"2020-04-16T17:28:06","modified_gmt":"2020-04-16T17:28:06","slug":"tulancingo-acordonara-areas-donde-persisten-aglomeraciones","status":"publish","type":"post","link":"https:\/\/plazajuarez.mx\/historico\/tulancingo-acordonara-areas-donde-persisten-aglomeraciones\/","title":{"rendered":"Tulancingo acordonar\u00e1 \u00e1reas donde persisten aglomeraciones"},"content":{"rendered":"\n<p class=\"wp-block-paragraph\"><strong>Reiteran llamado al resguardo preventivo en casa\u00a0<\/strong><br><br><strong>La gente persiste en movilizarse en grupo y sin entender que el pa\u00eds se mantiene en emergencia sanitaria<\/strong><\/p>\n\n\n\n<!--more-->\n\n\n\n<p class=\"wp-block-paragraph\">El alcalde, Fernando P\u00e9rez Rodr\u00edguez, dijo que ante la insistencia de diversos grupos poblacionales en reunirse y tener estad\u00eda prolongada en \u00e1reas y zonas p\u00fablicas del primer cuadro de la ciudad, se proceder\u00e1 al acordonamiento de estos espacios a fin de evitar conglomeraciones.<br><br>Dijo que entre las zonas a acordonar est\u00e1 el \u00e1rea perimetral del monumento a Benito Ju\u00e1rez as\u00ed como el Centro Cultural Ricardo Garibay, bancas y juegos infantiles de jard\u00edn La Floresta.<br><br>Se redoblar\u00e1 la vigilancia para que la ciudadan\u00eda no remueva las cintas de precauci\u00f3n pues as\u00ed ha acontecido recurrentemente en ejercitadores al aire libre y juegos infantiles sin contemplar que su\u00a0 manejo masivo implica un riesgo de contagio.<br><br>Se dijo que es obligaci\u00f3n de este gobierno, sumarse al esfuerzo del orden federal y estatal para evitar el crecimiento exponencial de casos por coronavirus.<br><br>El objetivo de establecer el cerco de aislamiento en los espacios p\u00fablicos es promover la conciencia p\u00fablica, solidaridad y corresponsabilidad e inhibir la concentraci\u00f3n de personas.<\/p>\n","protected":false},"excerpt":{"rendered":"<p>Reiteran llamado al resguardo preventivo en casa\u00a0 La gente persiste en movilizarse en grupo y sin entender que el pa\u00eds se mantiene en emergencia sanitaria<\/p>\n","protected":false},"author":93,"featured_media":0,"comment_status":"open","ping_status":"open","sticky":false,"template":"","format":"standard","meta":{"footnotes":""},"categories":[40,1],"tags":[],"class_list":["post-104678","post","type-post","status-publish","format-standard","hentry","category-region","category-uncategorized"],"_links":{"self":[{"href":"https:\/\/plazajuarez.mx\/historico\/wp-json\/wp\/v2\/posts\/104678","targetHints":{"allow":["GET"]}}],"collection":[{"href":"https:\/\/plazajuarez.mx\/historico\/wp-json\/wp\/v2\/posts"}],"about":[{"href":"https:\/\/plazajuarez.mx\/historico\/wp-json\/wp\/v2\/types\/post"}],"author":[{"embeddable":true,"href":"https:\/\/plazajuarez.mx\/historico\/wp-json\/wp\/v2\/users\/93"}],"replies":[{"embeddable":true,"href":"https:\/\/plazajuarez.mx\/historico\/wp-json\/wp\/v2\/comments?post=104678"}],"version-history":[{"count":0,"href":"https:\/\/plazajuarez.mx\/historico\/wp-json\/wp\/v2\/posts\/104678\/revisions"}],"wp:attachment":[{"href":"https:\/\/plazajuarez.mx\/historico\/wp-json\/wp\/v2\/media?parent=104678"}],"wp:term":[{"taxonomy":"category","embeddable":true,"href":"https:\/\/plazajuarez.mx\/historico\/wp-json\/wp\/v2\/categories?post=104678"},{"taxonomy":"post_tag","embeddable":true,"href":"https:\/\/plazajuarez.mx\/historico\/wp-json\/wp\/v2\/tags?post=104678"}],"curies":[{"name":"wp","href":"https:\/\/api.w.org\/{rel}","templated":true}]}}