{"id":103774,"date":"2020-04-14T19:51:07","date_gmt":"2020-04-14T19:51:07","guid":{"rendered":"http:\/\/plazajuarez.mx\/index\/?p=103774"},"modified":"2020-04-14T19:51:11","modified_gmt":"2020-04-14T19:51:11","slug":"no-se-puede-crear-infraestructura-con-industria-detenida","status":"publish","type":"post","link":"https:\/\/plazajuarez.mx\/historico\/no-se-puede-crear-infraestructura-con-industria-detenida\/","title":{"rendered":"\u201cNo se puede crear infraestructura con industria detenida\u201d"},"content":{"rendered":"\n<p><strong>Edgar Espinola refiere que el sector empresarial a\u00fan sigue siendo considerado el &#8220;foco de la corrupci\u00f3n&#8221;<\/strong><\/p>\n\n\n\n<!--more-->\n\n\n\n<p>El presidente del Consejo Coordinador Empresarial de Hidalgo (CCEH), Edgar Esp\u00ednola Licona, critic\u00f3 el hecho de que el Gobierno Federal quiera implementar diferentes obras de infraestructura e incrementar el n\u00famero de empleos en el pa\u00eds, al mismo tiempo que se ordena la interrupci\u00f3n temporal de la industria, producto de la pandemia del Covid-19.<\/p>\n\n\n\n<p>En ese sentido, el l\u00edder empresarial en el estado remarc\u00f3 que, para el Gobierno Federal a\u00fan siguen siendo considerados como \u201cel foco de la corrupci\u00f3n en M\u00e9xico\u201d, a pesar de que el presidente Andr\u00e9s Manuel L\u00f3pez Obrador haya anunciado que su sexenio se ha encargado de eliminar la incidencia de estos actos.<\/p>\n\n\n\n<p>\u201cNosotros, el sector productivo, seguimos siendo para \u00e9l (AMLO) la clase fif\u00ed, en el sentido de que los empresarios somos los que impulsamos la corrupci\u00f3n; eso s\u00ed, habla de que abati\u00f3 la corrupci\u00f3n\u201d, se\u00f1al\u00f3.<\/p>\n\n\n\n<p>As\u00ed mismo, se expres\u00f3 sobre las acciones enunciadas por el Ejecutivo Federal pues existen diferentes contradicciones sobre c\u00f3mo se van a ejecutar: \u201chablaba de 200 mil empleos porque va a reactivar el sector de la construcci\u00f3n, pero con plantas de cementos y la industria acerera cerradas porque no las permite abrir, que no comience con cuentos de que va a desarrollar infraestructura con programas que ya estaban en el Presupuesto\u201d.<\/p>\n","protected":false},"excerpt":{"rendered":"<p>Edgar Espinola refiere que el sector empresarial a\u00fan sigue siendo considerado el &#8220;foco de la corrupci\u00f3n&#8221;<\/p>\n","protected":false},"author":93,"featured_media":0,"comment_status":"open","ping_status":"open","sticky":false,"template":"","format":"standard","meta":{"footnotes":""},"categories":[59],"tags":[],"class_list":["post-103774","post","type-post","status-publish","format-standard","hentry","category-general"],"_links":{"self":[{"href":"https:\/\/plazajuarez.mx\/historico\/wp-json\/wp\/v2\/posts\/103774","targetHints":{"allow":["GET"]}}],"collection":[{"href":"https:\/\/plazajuarez.mx\/historico\/wp-json\/wp\/v2\/posts"}],"about":[{"href":"https:\/\/plazajuarez.mx\/historico\/wp-json\/wp\/v2\/types\/post"}],"author":[{"embeddable":true,"href":"https:\/\/plazajuarez.mx\/historico\/wp-json\/wp\/v2\/users\/93"}],"replies":[{"embeddable":true,"href":"https:\/\/plazajuarez.mx\/historico\/wp-json\/wp\/v2\/comments?post=103774"}],"version-history":[{"count":0,"href":"https:\/\/plazajuarez.mx\/historico\/wp-json\/wp\/v2\/posts\/103774\/revisions"}],"wp:attachment":[{"href":"https:\/\/plazajuarez.mx\/historico\/wp-json\/wp\/v2\/media?parent=103774"}],"wp:term":[{"taxonomy":"category","embeddable":true,"href":"https:\/\/plazajuarez.mx\/historico\/wp-json\/wp\/v2\/categories?post=103774"},{"taxonomy":"post_tag","embeddable":true,"href":"https:\/\/plazajuarez.mx\/historico\/wp-json\/wp\/v2\/tags?post=103774"}],"curies":[{"name":"wp","href":"https:\/\/api.w.org\/{rel}","templated":true}]}}