{"id":1030,"date":"2015-02-18T06:00:00","date_gmt":"2015-02-18T06:00:00","guid":{"rendered":"http:\/\/plazajuarez.mx\/index\/index.php\/2015\/02\/18\/lamenta-ai-rechazo-del-gobierno-mexicano-a-las-observaciones-de-onu\/"},"modified":"2015-02-18T06:00:00","modified_gmt":"2015-02-18T06:00:00","slug":"lamenta-ai-rechazo-del-gobierno-mexicano-a-las-observaciones-de-onu","status":"publish","type":"post","link":"https:\/\/plazajuarez.mx\/historico\/lamenta-ai-rechazo-del-gobierno-mexicano-a-las-observaciones-de-onu\/","title":{"rendered":"Lamenta AI rechazo del gobierno mexicano  a las observaciones de ONU  \u00a0"},"content":{"rendered":"<p>M\u00e9xico, DF.- El rechazo del gobierno mexicano a las observaciones del Comit\u00e9 de Naciones Unidas contra las Desapariciones Forzadas (CED, por sus siglas en ingl\u00e9s) deja ver que las autoridades no est\u00e1n dispuestas a reconocer la magnitud de la crisis en este \u00e1mbito y puede ser una muestra de que van a ignorar cualquier cr\u00edtica a su estrategia de seguridad p\u00fablica, indic\u00f3 Amnist\u00eda Internacional (AI).<\/p>\n<p>  <!--more-->  <\/p>\n<p>\u00a0<\/p>\n<p>A trav\u00e9s de un comunicado, el organismo lament\u00f3 que unas horas despu\u00e9s de que el CED dio a conocer sus recomendaciones finales a M\u00e9xico, tras evaluar su nivel de cumplimiento de los tratados internacionales en la materia, de manera \u201csorprendente\u201d el gobierno del pa\u00eds las refut\u00f3 al considerar que \u201cno aportan elementos adicionales\u201d para abordar el problema.<\/p>\n<p>&#8220;El gobierno mexicano no parece dispuesto a reconocer la gravedad de la crisis, y su posici\u00f3n en relaci\u00f3n con estas recomendaciones puede indicar que va a ignorar cualquier cr\u00edtica a sus estrategias fallidas en materia de seguridad p\u00fablica. Esta decisi\u00f3n es extremadamente alarmante en el fr\u00e1gil contexto de derechos humanos que enfrenta el pa\u00eds &#8220;, alert\u00f3 AI. (Agencias)<\/p>\n","protected":false},"excerpt":{"rendered":"<p>M\u00e9xico, DF.- El rechazo del gobierno mexicano a las observaciones del Comit\u00e9 de Naciones Unidas contra las Desapariciones Forzadas (CED, por sus siglas en ingl\u00e9s) deja ver que las autoridades no est\u00e1n dispuestas a reconocer la magnitud de la crisis en este \u00e1mbito y puede ser una muestra de que van a ignorar cualquier cr\u00edtica [&hellip;]<\/p>\n","protected":false},"author":93,"featured_media":0,"comment_status":"open","ping_status":"open","sticky":false,"template":"","format":"standard","meta":{"footnotes":""},"categories":[36],"tags":[],"class_list":["post-1030","post","type-post","status-publish","format-standard","hentry","category-nacion"],"_links":{"self":[{"href":"https:\/\/plazajuarez.mx\/historico\/wp-json\/wp\/v2\/posts\/1030","targetHints":{"allow":["GET"]}}],"collection":[{"href":"https:\/\/plazajuarez.mx\/historico\/wp-json\/wp\/v2\/posts"}],"about":[{"href":"https:\/\/plazajuarez.mx\/historico\/wp-json\/wp\/v2\/types\/post"}],"author":[{"embeddable":true,"href":"https:\/\/plazajuarez.mx\/historico\/wp-json\/wp\/v2\/users\/93"}],"replies":[{"embeddable":true,"href":"https:\/\/plazajuarez.mx\/historico\/wp-json\/wp\/v2\/comments?post=1030"}],"version-history":[{"count":0,"href":"https:\/\/plazajuarez.mx\/historico\/wp-json\/wp\/v2\/posts\/1030\/revisions"}],"wp:attachment":[{"href":"https:\/\/plazajuarez.mx\/historico\/wp-json\/wp\/v2\/media?parent=1030"}],"wp:term":[{"taxonomy":"category","embeddable":true,"href":"https:\/\/plazajuarez.mx\/historico\/wp-json\/wp\/v2\/categories?post=1030"},{"taxonomy":"post_tag","embeddable":true,"href":"https:\/\/plazajuarez.mx\/historico\/wp-json\/wp\/v2\/tags?post=1030"}],"curies":[{"name":"wp","href":"https:\/\/api.w.org\/{rel}","templated":true}]}}