{"id":1029,"date":"2015-02-18T06:00:00","date_gmt":"2015-02-18T06:00:00","guid":{"rendered":"http:\/\/plazajuarez.mx\/index\/index.php\/2015\/02\/18\/pan-denunciara-al-verde-en-ine-por-falsear-informacion\/"},"modified":"2015-02-18T06:00:00","modified_gmt":"2015-02-18T06:00:00","slug":"pan-denunciara-al-verde-en-ine-por-falsear-informacion","status":"publish","type":"post","link":"https:\/\/plazajuarez.mx\/historico\/pan-denunciara-al-verde-en-ine-por-falsear-informacion\/","title":{"rendered":"PAN denunciar\u00e1 al Verde en  INE por falsear informaci\u00f3n"},"content":{"rendered":"<p>M\u00e9xico, DF.- El PAN presentar\u00e1 ante el Instituto Nacional Electoral (INE) una denuncia contra el PVEM por tratar de hacer pasar programas gubernamentales como logros suyos. As\u00ed lo dio a conocer el dirigente del PAN, Gustavo Madero, al se\u00f1alar que el Partido Verde es un fraude y trata de ganar con enga\u00f1os.<\/p>\n<p>  <!--more-->  <\/p>\n<p>\u00a0<\/p>\n<p>Dio a conocer que una de cada 10 personas cree en la propaganda del PVEM sin pensar que un voto para el verde es un voto para el PRI. (Agencias)<\/p>\n","protected":false},"excerpt":{"rendered":"<p>M\u00e9xico, DF.- El PAN presentar\u00e1 ante el Instituto Nacional Electoral (INE) una denuncia contra el PVEM por tratar de hacer pasar programas gubernamentales como logros suyos. As\u00ed lo dio a conocer el dirigente del PAN, Gustavo Madero, al se\u00f1alar que el Partido Verde es un fraude y trata de ganar con enga\u00f1os.<\/p>\n","protected":false},"author":93,"featured_media":0,"comment_status":"open","ping_status":"open","sticky":false,"template":"","format":"standard","meta":{"footnotes":""},"categories":[36],"tags":[],"class_list":["post-1029","post","type-post","status-publish","format-standard","hentry","category-nacion"],"_links":{"self":[{"href":"https:\/\/plazajuarez.mx\/historico\/wp-json\/wp\/v2\/posts\/1029","targetHints":{"allow":["GET"]}}],"collection":[{"href":"https:\/\/plazajuarez.mx\/historico\/wp-json\/wp\/v2\/posts"}],"about":[{"href":"https:\/\/plazajuarez.mx\/historico\/wp-json\/wp\/v2\/types\/post"}],"author":[{"embeddable":true,"href":"https:\/\/plazajuarez.mx\/historico\/wp-json\/wp\/v2\/users\/93"}],"replies":[{"embeddable":true,"href":"https:\/\/plazajuarez.mx\/historico\/wp-json\/wp\/v2\/comments?post=1029"}],"version-history":[{"count":0,"href":"https:\/\/plazajuarez.mx\/historico\/wp-json\/wp\/v2\/posts\/1029\/revisions"}],"wp:attachment":[{"href":"https:\/\/plazajuarez.mx\/historico\/wp-json\/wp\/v2\/media?parent=1029"}],"wp:term":[{"taxonomy":"category","embeddable":true,"href":"https:\/\/plazajuarez.mx\/historico\/wp-json\/wp\/v2\/categories?post=1029"},{"taxonomy":"post_tag","embeddable":true,"href":"https:\/\/plazajuarez.mx\/historico\/wp-json\/wp\/v2\/tags?post=1029"}],"curies":[{"name":"wp","href":"https:\/\/api.w.org\/{rel}","templated":true}]}}