{"id":102791,"date":"2020-04-14T03:01:45","date_gmt":"2020-04-14T03:01:45","guid":{"rendered":"http:\/\/plazajuarez.mx\/index\/?p=102791"},"modified":"2020-04-14T03:01:50","modified_gmt":"2020-04-14T03:01:50","slug":"hospitales-publicos-y-privados-unen-fuerzas-en-mexico-para-combatir-covid-19","status":"publish","type":"post","link":"https:\/\/plazajuarez.mx\/historico\/hospitales-publicos-y-privados-unen-fuerzas-en-mexico-para-combatir-covid-19\/","title":{"rendered":"Hospitales p\u00fablicos y privados unen fuerzas en M\u00e9xico para combatir COVID-19"},"content":{"rendered":"\n<p><strong>En total, ser\u00e1n 146 hospitales de 27 entidades federativas las que apoyar\u00e1n a la atenci\u00f3n de pacientes que requieran alg\u00fan servicio que no est\u00e9 relacionado con el coronavirus, con el fin de que en las instituciones p\u00fablicas dispongan de m\u00e1s camas para atender a enfermos de COVID-19.<\/strong><\/p>\n\n\n\n<!--more-->\n\n\n\n<p>Hospitales p\u00fablicos y privados de M\u00e9xico trabajar\u00e1n en conjunto para hacer frente a la creciente emergencia por COVID-19 tras un convenio firmado este lunes, d\u00eda en el que decenas de m\u00e9dicos han protestado, una vez m\u00e1s, por la falta de insumos y de protocolos.<\/p>\n\n\n\n<p>&#8220;Todos juntos contra el COVID-19&#8221; es el nombre de la iniciativa con la cual se acord\u00f3 que el sector privado pondr\u00e1 a disposici\u00f3n del Gobierno 3.115 camas para derivar a pacientes del sector p\u00fablico que no tengan COVID-19.<\/p>\n\n\n\n<p>En total, ser\u00e1n 146 hospitales de 27 entidades federativas las que apoyar\u00e1n a la atenci\u00f3n de pacientes que requieran alg\u00fan servicio que no est\u00e9 relacionado con el coronavirus, con el fin de que en las instituciones p\u00fablicas dispongan de m\u00e1s camas para atender a enfermos de COVID-19.<\/p>\n\n\n\n<p>En su conferencia ma\u00f1anera, el presidente de M\u00e9xico, Andr\u00e9s Manuel L\u00f3pez Obrador, detall\u00f3 que el acuerdo es para que los hospitales privados atiendan, por una cuota m\u00ednima, a aquellos pacientes a los que com\u00fanmente reciben instituciones p\u00fablicas.<\/p>\n\n\n\n<p>Es el caso del Instituto Mexicano del Seguro Social (IMSS), el Instituto de Seguridad y Servicios Sociales de los Trabajadores del Estado (ISSSTE) o el Instituto de Salud para el Bienestar (Insabi), adem\u00e1s de los hospitales de la Secretar\u00eda de Marina y de la Defensa Nacional.<\/p>\n\n\n\n<p>&#8220;Esto nos va a permitir liberar espacios en hospitales p\u00fablicos para estar preparados y cuando se nos presente el momento m\u00e1s cr\u00edtico, tengamos todas las camas y equipos que se necesitan para salvar vidas&#8221;, indic\u00f3.<\/p>\n\n\n\n<p>Marcelo Ebrard, secretario de Relaciones Exteriores, puntualiz\u00f3 que las m\u00e1s de 3.000 camas de centro privados permitir\u00e1n atender en total a unos 12.500 pacientes.<\/p>\n\n\n\n<p>Los 146 nosocomios privados se enfocar\u00e1n, por ejemplo, en partos, hernias, ces\u00e1reas, \u00falceras, endoscop\u00edas y algunas urgencias del 23 de abril al 23 de mayo.<\/p>\n\n\n\n<p>Mario Gonz\u00e1lez Ulloa, presidente de la Asociaci\u00f3n Nacional de Hospitales Privados, dijo que este convenio es una &#8220;uni\u00f3n de esfuerzos&#8221; para &#8220;contener y mitigar los estragos generados por la pandemia&#8221;.<\/p>\n\n\n\n<p>Xavier Tello, m\u00e9dico cirujano y consultor en comunicaci\u00f3n en salud, se\u00f1al\u00f3 este lunes a Efe que este tipo de medidas son pertinentes pues &#8220;no hay sistema de salud p\u00fablico que alcance para la dimensi\u00f3n de este problema&#8221;.<\/p>\n\n\n\n<p>Explic\u00f3 que en M\u00e9xico hay que entender que se ten\u00edan antecedentes de falta de infraestructura y poco presupuesto, por lo que es una &#8220;medida l\u00f3gica&#8221; para afrontar lo que viene con el COVID-19.<\/p>\n\n\n\n<p><strong>SANITARIOS EN PIE DE GUERRA<\/strong><\/p>\n\n\n\n<p>Desde que el COVID-19 lleg\u00f3 a M\u00e9xico a finales de febrero, m\u00e9dicos, enfermeros y profesionales de la salud denunciaron la falta de insumos como cubrebocas, equipos de protecci\u00f3n, gel antibacterial y ausencia de protocolos.<\/p>\n\n\n\n<p>Trabajadores de hospitales en pr\u00e1cticamente todo el pa\u00eds se han unido a las denuncias, que abarcan desde contagios masivos en el interior de los nosocomios hasta muertes.<\/p>\n\n\n\n<p>Este lunes, en el Hospital Regional 1 de Octubre la enfermera Mar\u00eda Doris L\u00f3pez asegur\u00f3 que en la instituci\u00f3n &#8220;no hicieron los filtros adecuados y maquillaron los diagn\u00f3sticos&#8221;.<\/p>\n\n\n\n<p>&#8220;Los estaban manejando como dificultad respiratoria, influenza y neumon\u00eda t\u00edpica. Ahora hay mucho personal infectado ya&#8221;, dijo.<\/p>\n\n\n\n<p>La semana pasada se dio a conocer que en varios hospitales del pa\u00eds -desde el central Estado de M\u00e9xico hasta el noroccidental Baja California Sur- decenas de m\u00e9dicos y enfermeras hab\u00edan sido infectados.<\/p>\n\n\n\n<p>Sin embargo, el IMSS solamente ha reconocido 19 casos positivos en su personal de salud.<\/p>\n\n\n\n<p>Una encuesta realizada a 400 trabajadores sanitarios por la Asociaci\u00f3n Mexicana de M\u00e9dicos Residentes y publicada a principios de abril indic\u00f3 que 8 de cada 10 no tienen mascarillas N95, recomendadas para personal m\u00e9dico, y m\u00e1s de la mitad no ten\u00eda gafas protectoras.<\/p>\n\n\n\n<p>Al respecto, Tello manifest\u00f3 que en M\u00e9xico ocurren varios problemas, entre ellos que a\u00fan sin COVID-19 los m\u00e9dicos no tienen los insumos necesarios para desarrollar su profesi\u00f3n. &#8220;Existe una falta de cultura de protecci\u00f3n en el personal m\u00e9dico, de infraestructura. Y no existe previsi\u00f3n&#8221;, lament\u00f3.<\/p>\n\n\n\n<p>Aunado a ello, el personal de salud ha sufrido agresiones y son v\u00edctimas de estigma social. &#8220;Nos gritan &#8216;contaminados, ustedes traen la peste del COVID'&#8221;, asegur\u00f3 la enfermera.<\/p>\n\n\n\n<p><strong>DUDAN SOBRE N\u00daMERO DE CASOS DIAGNOSTICADOS<\/strong><\/p>\n\n\n\n<p>Hasta este lunes en M\u00e9xico, el n\u00famero oficial de casos de COVID-19 era de 4.661, con un total de 296 fallecidos.<\/p>\n\n\n\n<p>Sin embargo, en redes sociales muchos usuarios han puesto en duda esta cifra, argumentando que se &#8220;enmascaran&#8221; los casos de COVID-19 como neumon\u00edas at\u00edpicas.<\/p>\n\n\n\n<p>La semana pasada, el subsecretario de Prevenci\u00f3n y Promoci\u00f3n de la Salud, Hugo L\u00f3pez-Gatell, acept\u00f3 que el n\u00famero total de casos pod\u00eda ser al menos ocho veces mayor seg\u00fan el llamado modelo centinela, que estima posibles casos y es usado por la Organizaci\u00f3n Mundial de la Salud (OMS).<\/p>\n\n\n\n<p>Al respecto, Tello asegur\u00f3 que en M\u00e9xico, el programa centinela, utilizado para predecir el comportamiento de la influenza a\u00f1o tras a\u00f1o, no es \u00fatil para detectar los casos &#8220;pues solo sirve para fines de proyecci\u00f3n pero no de detecci\u00f3n&#8221;.<\/p>\n\n\n\n<p>En tanto, investigadores de la Universidad Nacional Aut\u00f3noma de M\u00e9xico (UNAM) alertaron este lunes sobre un posible subregistro de casos por COVID-19, los cuales, aseguraron, podr\u00edan haberse registrado como infecci\u00f3n respiratoria aguda (IAR).<\/p>\n","protected":false},"excerpt":{"rendered":"<p>En total, ser\u00e1n 146 hospitales de 27 entidades federativas las que apoyar\u00e1n a la atenci\u00f3n de pacientes que requieran alg\u00fan servicio que no est\u00e9 relacionado con el coronavirus, con el fin de que en las instituciones p\u00fablicas dispongan de m\u00e1s camas para atender a enfermos de COVID-19.<\/p>\n","protected":false},"author":80,"featured_media":0,"comment_status":"open","ping_status":"open","sticky":false,"template":"","format":"standard","meta":{"footnotes":""},"categories":[36],"tags":[],"class_list":["post-102791","post","type-post","status-publish","format-standard","hentry","category-nacion"],"_links":{"self":[{"href":"https:\/\/plazajuarez.mx\/historico\/wp-json\/wp\/v2\/posts\/102791","targetHints":{"allow":["GET"]}}],"collection":[{"href":"https:\/\/plazajuarez.mx\/historico\/wp-json\/wp\/v2\/posts"}],"about":[{"href":"https:\/\/plazajuarez.mx\/historico\/wp-json\/wp\/v2\/types\/post"}],"author":[{"embeddable":true,"href":"https:\/\/plazajuarez.mx\/historico\/wp-json\/wp\/v2\/users\/80"}],"replies":[{"embeddable":true,"href":"https:\/\/plazajuarez.mx\/historico\/wp-json\/wp\/v2\/comments?post=102791"}],"version-history":[{"count":0,"href":"https:\/\/plazajuarez.mx\/historico\/wp-json\/wp\/v2\/posts\/102791\/revisions"}],"wp:attachment":[{"href":"https:\/\/plazajuarez.mx\/historico\/wp-json\/wp\/v2\/media?parent=102791"}],"wp:term":[{"taxonomy":"category","embeddable":true,"href":"https:\/\/plazajuarez.mx\/historico\/wp-json\/wp\/v2\/categories?post=102791"},{"taxonomy":"post_tag","embeddable":true,"href":"https:\/\/plazajuarez.mx\/historico\/wp-json\/wp\/v2\/tags?post=102791"}],"curies":[{"name":"wp","href":"https:\/\/api.w.org\/{rel}","templated":true}]}}