{"id":102752,"date":"2020-04-13T20:20:55","date_gmt":"2020-04-13T20:20:55","guid":{"rendered":"http:\/\/plazajuarez.mx\/index\/?p=102752"},"modified":"2020-04-13T20:21:02","modified_gmt":"2020-04-13T20:21:02","slug":"se-registra-fuerte-incendio-forestal","status":"publish","type":"post","link":"https:\/\/plazajuarez.mx\/historico\/se-registra-fuerte-incendio-forestal\/","title":{"rendered":"Se registra fuerte incendio forestal"},"content":{"rendered":"\n<p><strong>Un fuerte incendio forestal se registr\u00f3 en la comunidad Las Pilas en Nicol\u00e1s Flores, el cual, hasta el cierre de esta edici\u00f3n, se encontraba fuera de control, por lo que se pidi\u00f3 la presencia de las fuerzas armadas.<\/strong><\/p>\n\n\n\n<!--more-->\n\n\n\n<p>De acuerdo al gobierno municipal, el incendio hab\u00eda consumi\u00f3 algunas viviendas y autom\u00f3viles estacionados, debido a que las familias no lograron rescatarlos.<br><br>Hasta el momento en que se redact\u00f3 esta nota, no se hablaba de personas lesionadas, sin embargo, brigadas de voluntarios, comenzaron a trabajar para poder controlar el fuego. Por su parte, la diputada local, Lucero Ambrosio, anunci\u00f3 la instalaci\u00f3n de centros de acopio para apoyar a las familias que necesitan ayuda.<\/p>\n","protected":false},"excerpt":{"rendered":"<p>Un fuerte incendio forestal se registr\u00f3 en la comunidad Las Pilas en Nicol\u00e1s Flores, el cual, hasta el cierre de esta edici\u00f3n, se encontraba fuera de control, por lo que se pidi\u00f3 la presencia de las fuerzas armadas.<\/p>\n","protected":false},"author":75,"featured_media":0,"comment_status":"open","ping_status":"open","sticky":false,"template":"","format":"standard","meta":{"footnotes":""},"categories":[40],"tags":[],"class_list":["post-102752","post","type-post","status-publish","format-standard","hentry","category-region"],"_links":{"self":[{"href":"https:\/\/plazajuarez.mx\/historico\/wp-json\/wp\/v2\/posts\/102752","targetHints":{"allow":["GET"]}}],"collection":[{"href":"https:\/\/plazajuarez.mx\/historico\/wp-json\/wp\/v2\/posts"}],"about":[{"href":"https:\/\/plazajuarez.mx\/historico\/wp-json\/wp\/v2\/types\/post"}],"author":[{"embeddable":true,"href":"https:\/\/plazajuarez.mx\/historico\/wp-json\/wp\/v2\/users\/75"}],"replies":[{"embeddable":true,"href":"https:\/\/plazajuarez.mx\/historico\/wp-json\/wp\/v2\/comments?post=102752"}],"version-history":[{"count":0,"href":"https:\/\/plazajuarez.mx\/historico\/wp-json\/wp\/v2\/posts\/102752\/revisions"}],"wp:attachment":[{"href":"https:\/\/plazajuarez.mx\/historico\/wp-json\/wp\/v2\/media?parent=102752"}],"wp:term":[{"taxonomy":"category","embeddable":true,"href":"https:\/\/plazajuarez.mx\/historico\/wp-json\/wp\/v2\/categories?post=102752"},{"taxonomy":"post_tag","embeddable":true,"href":"https:\/\/plazajuarez.mx\/historico\/wp-json\/wp\/v2\/tags?post=102752"}],"curies":[{"name":"wp","href":"https:\/\/api.w.org\/{rel}","templated":true}]}}