{"id":102743,"date":"2020-04-13T19:40:27","date_gmt":"2020-04-13T19:40:27","guid":{"rendered":"http:\/\/plazajuarez.mx\/index\/?p=102743"},"modified":"2020-04-13T19:40:32","modified_gmt":"2020-04-13T19:40:32","slug":"pide-partido-verde-trabajar-en-rescate-de-la-economia-hidalguense","status":"publish","type":"post","link":"https:\/\/plazajuarez.mx\/historico\/pide-partido-verde-trabajar-en-rescate-de-la-economia-hidalguense\/","title":{"rendered":"Pide Partido Verde trabajar en rescate de la econom\u00eda hidalguense"},"content":{"rendered":"\n<p><strong>Asi mismo se\u00f1al\u00f3 que es justamente este sector es el primero en padecer los efectos de una sociedad detenida.<\/strong><\/p>\n\n\n\n<!--more-->\n\n\n\n<p>En entrevista para Diario Plaza Ju\u00e1rez, Honorato Rodr\u00edguez Murillo, director de Organizaci\u00f3n del Partido Verde Ecologista de M\u00e9xico, expres\u00f3 que ante la contingencia, el rescate econ\u00f3mico en el estado de Hidalgo deber\u00eda enfocarse a las micro y peque\u00f1as empresas.\u00a0\u00a0\u00a0\u00a0<\/p>\n\n\n\n<p>\u201cEl rescate econ\u00f3mico tambi\u00e9n tiene que ver con la mediana empresa, por que son los que generan los empleos y hasta donde yo estoy informado, hasta el momento no hay programas espec\u00edficos que ayuden al desarrollo econ\u00f3mico y social de este sector\u201d, puntualiz\u00f3 Rodr\u00edguez Murillo<\/p>\n\n\n\n<p>Del mismo modo pidi\u00f3 que se realicen acciones para ayudar a todos los peque\u00f1os y medianos empresarios y que de esa forma la condonaci\u00f3n de impuestos a este sector no sea un problema mayor.<\/p>\n\n\n\n<p>Por \u00faltimo, hizo un llamado para que el Gobierno trabaje m\u00e1s a fondo en los temas de rescate econ\u00f3mico y que los d\u00e9 a conocer a la poblaci\u00f3n con mayor puntualidad, para que la ciudadan\u00eda pueda tener claridad en este momento dif\u00edcil.<\/p>\n","protected":false},"excerpt":{"rendered":"<p>Asi mismo se\u00f1al\u00f3 que es justamente este sector es el primero en padecer los efectos de una sociedad detenida.<\/p>\n","protected":false},"author":93,"featured_media":0,"comment_status":"open","ping_status":"open","sticky":false,"template":"","format":"standard","meta":{"footnotes":""},"categories":[59],"tags":[],"class_list":["post-102743","post","type-post","status-publish","format-standard","hentry","category-general"],"_links":{"self":[{"href":"https:\/\/plazajuarez.mx\/historico\/wp-json\/wp\/v2\/posts\/102743","targetHints":{"allow":["GET"]}}],"collection":[{"href":"https:\/\/plazajuarez.mx\/historico\/wp-json\/wp\/v2\/posts"}],"about":[{"href":"https:\/\/plazajuarez.mx\/historico\/wp-json\/wp\/v2\/types\/post"}],"author":[{"embeddable":true,"href":"https:\/\/plazajuarez.mx\/historico\/wp-json\/wp\/v2\/users\/93"}],"replies":[{"embeddable":true,"href":"https:\/\/plazajuarez.mx\/historico\/wp-json\/wp\/v2\/comments?post=102743"}],"version-history":[{"count":0,"href":"https:\/\/plazajuarez.mx\/historico\/wp-json\/wp\/v2\/posts\/102743\/revisions"}],"wp:attachment":[{"href":"https:\/\/plazajuarez.mx\/historico\/wp-json\/wp\/v2\/media?parent=102743"}],"wp:term":[{"taxonomy":"category","embeddable":true,"href":"https:\/\/plazajuarez.mx\/historico\/wp-json\/wp\/v2\/categories?post=102743"},{"taxonomy":"post_tag","embeddable":true,"href":"https:\/\/plazajuarez.mx\/historico\/wp-json\/wp\/v2\/tags?post=102743"}],"curies":[{"name":"wp","href":"https:\/\/api.w.org\/{rel}","templated":true}]}}