{"id":1027,"date":"2015-02-18T06:00:00","date_gmt":"2015-02-18T06:00:00","guid":{"rendered":"http:\/\/plazajuarez.mx\/index\/index.php\/2015\/02\/18\/por-que-decapita-el-estado-islamico-a-coptos-egipcios\/"},"modified":"2015-02-18T06:00:00","modified_gmt":"2015-02-18T06:00:00","slug":"por-que-decapita-el-estado-islamico-a-coptos-egipcios","status":"publish","type":"post","link":"https:\/\/plazajuarez.mx\/historico\/por-que-decapita-el-estado-islamico-a-coptos-egipcios\/","title":{"rendered":"\u00bfPor qu\u00e9 decapita el Estado  Isl\u00e1mico a coptos egipcios?"},"content":{"rendered":"<ul>\n<li><strong><strong>La identificaci\u00f3n que hace la propaganda yihadista entre cristianos y \u00abcruzados\u00bb es un disparate may\u00fasculo para la mentalidad musulmana egipcia<\/strong><\/strong> <!--more--> <\/li>\n<\/ul>\n<p>La decapitaci\u00f3n, publicitada en internet, de 21 rehenes cristianos egipcios en Libia a manos de los yihadistas provoc\u00f3 una inmediata represalia militar por parte de El Cairo similar a la que produjo el asesinato del piloto jordano en Siria. El Gobierno egipcio considera que el acto terrorista de la filial libia del Estado Isl\u00e1mico fue no solo un atentado contra sus compatriotas sino tambi\u00e9n un ataque a las esencias del islam, tal como se practica en ese pa\u00eds \u00e1rabe.<\/p>\n<p>El macabro v\u00eddeo subido a la red identifica a los coptos ejecutados con los \u00abcruzados\u00bb y con la \u00abhostil religi\u00f3n de la cruz en Egipto\u00bb, dos disparates para cualquier musulm\u00e1n medianamente ilustrado del pa\u00eds del Nilo. Los cristianos suponen en Egipto alrededor del 10 por ciento de la poblaci\u00f3n, y pueden con raz\u00f3n presumir de pedigr\u00ed porque su religi\u00f3n es muy anterior al islam. Adem\u00e1s, est\u00e1n bajo la protecci\u00f3n de la religi\u00f3n del Cor\u00e1n desde hace siglos. Los juristas musulmanes suelen dividir el mundo en tres partes, la Casa de la Paz (dar al-silm), la Casa de la Protecci\u00f3n (dar al-sulh), y la Casa de la Guerra (dar al-harb). Atacar, de modo abyecto, a una de las minor\u00edas m\u00e1s amparadas del islam como la copta es una provocaci\u00f3n a todo el pueblo egipcio.<\/p>\n<p>Esto no significa que la tutela que concede el islam egipcio a los coptos sea gratuita. Como ocurre en otros pa\u00edses \u00e1rabes, los cristianos egipcios deben pagar un alto precio por su decisi\u00f3n de no huir de la tierra de sus ancestros. Suelen ser objeto de ataques -que con frecuencia quedan impunes-, las quemas de iglesias no saben de reg\u00edmenes (se produjeron con la dictadura laica de Mubarak y con el r\u00e9gimen islamista de los Hermanos Musulmanes), y, pese a la propaganda del r\u00e9gimen, los coptos son de hecho ciudadanos de segunda clase, como deja patente su pr\u00e1ctica ausencia en la alta jerarqu\u00eda del Estado y del Ej\u00e9rcito. (Agencias)<\/p>\n","protected":false},"excerpt":{"rendered":"<p>La identificaci\u00f3n que hace la propaganda yihadista entre cristianos y \u00abcruzados\u00bb es un disparate may\u00fasculo para la mentalidad musulmana egipcia<\/p>\n","protected":false},"author":93,"featured_media":0,"comment_status":"open","ping_status":"open","sticky":false,"template":"","format":"standard","meta":{"footnotes":""},"categories":[31],"tags":[],"class_list":["post-1027","post","type-post","status-publish","format-standard","hentry","category-orbe"],"_links":{"self":[{"href":"https:\/\/plazajuarez.mx\/historico\/wp-json\/wp\/v2\/posts\/1027","targetHints":{"allow":["GET"]}}],"collection":[{"href":"https:\/\/plazajuarez.mx\/historico\/wp-json\/wp\/v2\/posts"}],"about":[{"href":"https:\/\/plazajuarez.mx\/historico\/wp-json\/wp\/v2\/types\/post"}],"author":[{"embeddable":true,"href":"https:\/\/plazajuarez.mx\/historico\/wp-json\/wp\/v2\/users\/93"}],"replies":[{"embeddable":true,"href":"https:\/\/plazajuarez.mx\/historico\/wp-json\/wp\/v2\/comments?post=1027"}],"version-history":[{"count":0,"href":"https:\/\/plazajuarez.mx\/historico\/wp-json\/wp\/v2\/posts\/1027\/revisions"}],"wp:attachment":[{"href":"https:\/\/plazajuarez.mx\/historico\/wp-json\/wp\/v2\/media?parent=1027"}],"wp:term":[{"taxonomy":"category","embeddable":true,"href":"https:\/\/plazajuarez.mx\/historico\/wp-json\/wp\/v2\/categories?post=1027"},{"taxonomy":"post_tag","embeddable":true,"href":"https:\/\/plazajuarez.mx\/historico\/wp-json\/wp\/v2\/tags?post=1027"}],"curies":[{"name":"wp","href":"https:\/\/api.w.org\/{rel}","templated":true}]}}