{"id":102545,"date":"2020-04-08T19:40:53","date_gmt":"2020-04-08T19:40:53","guid":{"rendered":"http:\/\/plazajuarez.mx\/index\/?p=102545"},"modified":"2020-04-08T19:40:56","modified_gmt":"2020-04-08T19:40:56","slug":"la-liga-mexicana-de-futbol-se-muda-a-los-esports-por-el-covid-19","status":"publish","type":"post","link":"https:\/\/plazajuarez.mx\/historico\/la-liga-mexicana-de-futbol-se-muda-a-los-esports-por-el-covid-19\/","title":{"rendered":"La Liga mexicana de f\u00fatbol se muda a los eSports por el Covid-19"},"content":{"rendered":"\n<p><strong>La fase regular del certamen se jugar\u00e1 del 10 de abril al 7 de junio. No hay fechas para la fase final<\/strong><\/p>\n\n\n\n<!--more-->\n\n\n\n<p><br>La Liga mexicana de f\u00fatbol anunci\u00f3 la Liga MX, el torneo del videojuego FIFA 20 que sustituir\u00e1 el campeonato f\u00edsico durante el par\u00f3n provocado por la pandemia de Covid-19 que oblig\u00f3 a detener el Clausura el 15 de marzo.<br>La fase regular del certamen se jugar\u00e1 del 10 de abril al 7 de junio. No hay fechas para la fase final.<\/p>\n\n\n\n<p><br>&#8220;Es un torneo espejo de la Liga MX, es decir, va a correr una fase regular de 17 Jornadas y tendr\u00e1 su fase final. Al igual que la m\u00e1xima competencia, se contar\u00e1 con una tabla de clasificaci\u00f3n. Al final habr\u00e1n ocho escuadras que disputar\u00e1n el t\u00edtulo&#8221;, explic\u00f3 la Liga mediante un comunicado.<\/p>\n\n\n\n<p><br>Los 18 equipos de la Primera Divisi\u00f3n mexicana dar\u00e1n a conocer durante la semana a su plantilla, integrada por tres futbolistas del primer equipo que jugar\u00e1n desde sus casas.<\/p>\n\n\n\n<p><br>\u00a0&#8220;El equipo seleccionar\u00e1 dos d\u00edas antes de la jornada al jugador que tendr\u00e1 actividad en la cancha a trav\u00e9s de su Play Station 4&#8221;, agreg\u00f3.<\/p>\n\n\n\n<p><br>La eLiga MX contar\u00e1 con dos jornadas por semana, una que ir\u00e1 de viernes a domingo y otra de lunes a mi\u00e9rcoles, para descansar el jueves. El certamen inicia con el enfrentamiento entre Necaxa y Monterrey.<br><\/p>\n\n\n\n<p>Los partidos ser\u00e1n transmitidos a nivel nacional por las dos principales cadenas televisivas del pa\u00eds y Chivas TV, en el caso de los partidos como local del Guadalajara.<\/p>\n\n\n\n<p><br>&#8220;Cada tiempo de los partidos durar\u00e1 seis minutos con un medio tiempo de 2.38 minutos y el formato ser\u00e1 1v1. Ambos &#8216;gamers&#8217; tendr\u00e1n interacci\u00f3n al iniciar la partida; cada duelo contar\u00e1 con un comentarista, as\u00ed como con cobertura previa y posterior, con entrevistas a los protagonistas&#8221;, agreg\u00f3 la Liga. Los organizadores explicaron que por d\u00eda s\u00f3lo podr\u00e1n haber como m\u00e1ximo cuatro enfrentamientos.<\/p>\n","protected":false},"excerpt":{"rendered":"<p>La fase regular del certamen se jugar\u00e1 del 10 de abril al 7 de junio. No hay fechas para la fase final<\/p>\n","protected":false},"author":80,"featured_media":0,"comment_status":"open","ping_status":"open","sticky":false,"template":"","format":"standard","meta":{"footnotes":""},"categories":[39],"tags":[],"class_list":["post-102545","post","type-post","status-publish","format-standard","hentry","category-deportiva"],"_links":{"self":[{"href":"https:\/\/plazajuarez.mx\/historico\/wp-json\/wp\/v2\/posts\/102545","targetHints":{"allow":["GET"]}}],"collection":[{"href":"https:\/\/plazajuarez.mx\/historico\/wp-json\/wp\/v2\/posts"}],"about":[{"href":"https:\/\/plazajuarez.mx\/historico\/wp-json\/wp\/v2\/types\/post"}],"author":[{"embeddable":true,"href":"https:\/\/plazajuarez.mx\/historico\/wp-json\/wp\/v2\/users\/80"}],"replies":[{"embeddable":true,"href":"https:\/\/plazajuarez.mx\/historico\/wp-json\/wp\/v2\/comments?post=102545"}],"version-history":[{"count":0,"href":"https:\/\/plazajuarez.mx\/historico\/wp-json\/wp\/v2\/posts\/102545\/revisions"}],"wp:attachment":[{"href":"https:\/\/plazajuarez.mx\/historico\/wp-json\/wp\/v2\/media?parent=102545"}],"wp:term":[{"taxonomy":"category","embeddable":true,"href":"https:\/\/plazajuarez.mx\/historico\/wp-json\/wp\/v2\/categories?post=102545"},{"taxonomy":"post_tag","embeddable":true,"href":"https:\/\/plazajuarez.mx\/historico\/wp-json\/wp\/v2\/tags?post=102545"}],"curies":[{"name":"wp","href":"https:\/\/api.w.org\/{rel}","templated":true}]}}